{"id":1067,"date":"2022-10-31T14:13:59","date_gmt":"2022-10-31T14:13:59","guid":{"rendered":"https:\/\/menteconsciente.pt\/blog\/?p=1067"},"modified":"2022-11-08T14:59:13","modified_gmt":"2022-11-08T14:59:13","slug":"limites","status":"publish","type":"post","link":"https:\/\/menteconsciente.pt\/blog\/2022\/10\/31\/limites\/","title":{"rendered":"6 dicas para estabelecer (e manter) limites saud\u00e1veis"},"content":{"rendered":"<p><span style=\"font-family: futura;\"><span style=\"font-size: 14pt;\">Definir limites pode ser um desafio, mas \u00e9 uma parte essencial do autorespeito.<\/span>\u00a0Para estabelecer limites de forma eficaz, deve r<strong>econhecer suas necessidades e afirm\u00e1-las de forma clara, concisa e sem culpa.<\/strong> Aprender e praticar esta habilidade pode melhorar a autoestima e a qualidade das suas rela\u00e7\u00f5es.\u00a0<\/span><\/p>\n<h3><span style=\"font-family: futura;\">Limites saud\u00e1veis \u200b\u200bprotegem sua sa\u00fade mental<\/span><\/h3>\n<ul>\n<li><span style=\"font-family: futura;\">Permite a autonomia pessoal, identidade e autoestima.<\/span><\/li>\n<li><span style=\"font-family: futura;\">Previne o <a href=\"https:\/\/menteconsciente.pt\/blog\/2022\/07\/04\/burnout\/\"><em>burnout<\/em><\/a>, <a href=\"https:\/\/menteconsciente.pt\/blog\/2022\/09\/05\/stress-e-ansiedade\/\">ansiedade<\/a> e <a href=\"https:\/\/menteconsciente.pt\/blog\/2022\/06\/01\/depressao\/\">depress\u00e3o<\/a>.\u00a0<\/span><\/li>\n<li><span style=\"font-family: futura;\">Melhora as rela\u00e7\u00f5es interpessoais.<\/span><\/li>\n<\/ul>\n<p>&nbsp;<\/p>\n<h1 style=\"text-align: center;\"><span style=\"font-family: futura;\"><strong>Limites &#8211; <em>&#8220;a linha que separa&#8221;<\/em><\/strong><\/span><\/h1>\n<p><span style=\"font-family: futura;\">Os limites funcionam como regras, determinam o que est\u00e1 disposta\/o e o que n\u00e3o est\u00e1 disposta\/o a tolerar, descrevem como quer que as pessoas a\/o tratem, garantindo um senso de respeito m\u00fatuo. Para al\u00e9m disso, os limites respeitam as suas necessidades de autocuidado e integridade pessoal.\u00a0<\/span><\/p>\n<h4><span style=\"font-family: futura;\">Como definir (manter) limites?<\/span><\/h4>\n<pre><strong style=\"font-family: Consolas, Monaco, monospace; white-space: pre-wrap; color: #222222; font-size: 16px;\"><span style=\"font-family: futura; font-size: 14pt;\">Conhe\u00e7a os seus limites\r\n<\/span><\/strong>\r\n<span style=\"font-family: futura;\">Defina claramente quais s\u00e3o os seus limites emocionais, f\u00edsicos e morais. <\/span>\r\n\r\n<span style=\"font-family: futura;\"><strong>Questione:<\/strong><\/span>\r\n<span style=\"font-family: futura;\"><em>\"O que n\u00e3o \u00e9 negoci\u00e1vel para mim?\"<\/em><\/span>\r\n<span style=\"font-family: futura;\"><em>\"O que me me causa desconforto?\"<\/em><\/span>\r\n<span style=\"font-family: futura;\"><em>\"Quais s\u00e3o as minhas regras e valores?\"<\/em><\/span>\r\n<em style=\"font-family: futura;\">\"Quais as minhas prioridades?\".<\/em>\r\n\r\n<span style=\"font-family: futura;\">O autoconhecimento \u00e9 o primeiro passo para a mudan\u00e7a. Reflita acerca de situa\u00e7\u00f5es passadas em que respeitou os seus limites, como se sentiu?; e, as vezes em que comprometeu as suas necessidades, como se sentiu? A reflex\u00e3o vai ajudar a perceber a import\u00e2ncia de colocar limites e como os deve estabelecer.\u00a0<\/span>\r\n<\/pre>\n<pre><span style=\"font-size: 14pt;\"><strong><span style=\"font-family: futura;\">Seja assertiva\/o\r\n<\/span><\/strong><\/span>\r\n<span style=\"font-family: futura;\">as suas necessidades \u00e9 uma ponto crucial para estabelecer limites saud\u00e1veis. Permitir que os outros entendem os seus limites reduz mal entendidos e interrompe o ciclo vicioso de sentir que os seus limites n\u00e3o s\u00e3o respeitados. <\/span>\r\n\r\n<span style=\"font-family: futura;\">Use uma comunica\u00e7\u00e3o clara, num tom calmo sem desrespeitar o outro. Por vezes, us\u00e1mos um tom acusat\u00f3rio quando nos sentimos zangados ou magoados (ex.:<em> \"N\u00e3o reconheces o meu esfor\u00e7o\/trabalho\"<\/em>) que resulta num comportamento defensivo da outra pessoa - este padr\u00e3o perpetua a m\u00e1goa e conflito.\u00a0<\/span>\r\n\r\n<span style=\"font-family: futura;\">O objetivo da comunica\u00e7\u00e3o assertiva n\u00e3o \u00e9 induzir culpa ou vergonha, mas sim afirmar as suas necessidades e chegar a uma solu\u00e7\u00e3o razo\u00e1vel para ambas as partes.\u00a0<\/span>\r\n\r\n\r\n<span style=\"font-family: futura;\">Uma comunica\u00e7\u00e3o assertiva pode soar:<\/span>\r\n<em><span style=\"font-family: futura;\">\"Eu sinto\u00a0 ______ quando tu ______\"<\/span><\/em>\r\n<em><span style=\"font-family: futura;\">\"Eu preciso _____\"<\/span><\/em>\r\n<em><span style=\"font-family: futura;\">\"Eu preferia que n\u00e3o ______\"<\/span><\/em>\r\n<em><span style=\"font-family: futura;\">\"Eu espero ______\"<\/span><\/em>\r\n<\/pre>\n<pre><span style=\"font-family: futura; font-size: 14pt;\"><strong>Pratique o \"N\u00c3O\"\r\n<\/strong><\/span>\r\n<span style=\"font-family: futura;\">Diga <em>\u201cn\u00e3o\u201d<\/em> de uma forma educada e gentil. Recordo que dizer <em>\"n\u00e3o\"<\/em> n\u00e3o faz de si uma pessoa m\u00e1 e n\u00e3o <em>\"parece mal\"<\/em>. De nada tem a ver com ego\u00edsmo ou egocentrismo, \u00e9 sobre respeitar os seus limites, o seu tempo, as suas capacidades e a si mesmo. <\/span>\r\n\r\n<span style=\"font-family: futura; font-size: 14pt;\"><strong>Dizer \"n\u00e3o\" geralmente significa dizer \"sim\" para si mesmo.<\/strong> \r\n<\/span>\r\n<span style=\"font-family: futura;\">Se for desconfort\u00e1vel, experimente algumas destas afirma\u00e7\u00f5es:<\/span>\r\n<em><span style=\"font-family: futura;\">\"Obrigada por pensares em mim, mas tenho que recusar.\"<\/span><\/em>\r\n<em><span style=\"font-family: futura;\">\"Infelizmente, isto n\u00e3o funciona para mim.\"<\/span><\/em>\r\n<em><span style=\"font-family: futura;\">\"Eu n\u00e3o quero fazer isto neste momento.\"<\/span><\/em>\r\n<em><span style=\"font-family: futura;\">\"Eu gostaria, mas neste momento existem coisas mais importantes para mim.\"<\/span><\/em>\r\n<\/pre>\n<pre><span style=\"font-family: futura; font-size: 14pt;\"><strong>Evite explicar demais\u00a0\r\n\r\n<\/strong><\/span><span style=\"font-family: futura;\">Lembre-se que os seus limites n\u00e3o exigem a aprova\u00e7\u00e3o de ningu\u00e9m.<\/span>\u00a0\r\n<\/pre>\n<pre><span style=\"font-family: futura; font-size: 14pt;\"><strong>Seja consistente\r\n<\/strong><\/span>\r\n<span style=\"font-family: futura;\">Os limites n\u00e3o t\u00eam\u00a0 peso se n\u00e3o os aplicar. Se as pessoas sabem que existe a possibilidade de ceder ao que querem, v\u00e3o acabar por ignorar os seus limites.<\/span>\r\n<span style=\"font-family: futura;\">Algumas pessoas v\u00e3o continuar a (tentar) ultrapassar os seus limites, \u00e9 importante lembrar-se do porque de ter estabelecido o limite e a sua import\u00e2ncia. <\/span><\/pre>\n<pre><span style=\"font-size: 14pt;\"><strong><span style=\"font-family: futura;\">Procure ajuda profissional \r\n<\/span><\/strong><\/span>\r\n<span style=\"font-family: futura;\">A terapia pode ajudar a entender as barreiras que tornam os limites um desafio e a desenvolver ferramentas de gest\u00e3o do desconforto, comunica\u00e7\u00e3o assertiva, autoestima, entre outras<\/span><\/pre>\n<p><img loading=\"lazy\" decoding=\"async\" class=\"limites saud\u00e1veis aligncenter wp-image-1083 size-medium\" title=\"limites saud\u00e1veis\" src=\"https:\/\/menteconsciente.pt\/blog\/wp-content\/uploads\/2022\/10\/4220545-300x300.jpg\" alt=\"limites saud\u00e1veis\" width=\"300\" height=\"300\" srcset=\"https:\/\/menteconsciente.pt\/blog\/wp-content\/uploads\/2022\/10\/4220545-300x300.jpg 300w, https:\/\/menteconsciente.pt\/blog\/wp-content\/uploads\/2022\/10\/4220545-1024x1024.jpg 1024w, https:\/\/menteconsciente.pt\/blog\/wp-content\/uploads\/2022\/10\/4220545-150x150.jpg 150w, https:\/\/menteconsciente.pt\/blog\/wp-content\/uploads\/2022\/10\/4220545-768x768.jpg 768w, https:\/\/menteconsciente.pt\/blog\/wp-content\/uploads\/2022\/10\/4220545-1536x1536.jpg 1536w, https:\/\/menteconsciente.pt\/blog\/wp-content\/uploads\/2022\/10\/4220545-12x12.jpg 12w, https:\/\/menteconsciente.pt\/blog\/wp-content\/uploads\/2022\/10\/4220545-156x156.jpg 156w, https:\/\/menteconsciente.pt\/blog\/wp-content\/uploads\/2022\/10\/4220545-238x238.jpg 238w, https:\/\/menteconsciente.pt\/blog\/wp-content\/uploads\/2022\/10\/4220545-327x327.jpg 327w, https:\/\/menteconsciente.pt\/blog\/wp-content\/uploads\/2022\/10\/4220545-266x266.jpg 266w, https:\/\/menteconsciente.pt\/blog\/wp-content\/uploads\/2022\/10\/4220545-400x400.jpg 400w, https:\/\/menteconsciente.pt\/blog\/wp-content\/uploads\/2022\/10\/4220545-310x310.jpg 310w, https:\/\/menteconsciente.pt\/blog\/wp-content\/uploads\/2022\/10\/4220545-231x231.jpg 231w, https:\/\/menteconsciente.pt\/blog\/wp-content\/uploads\/2022\/10\/4220545-199x199.jpg 199w, https:\/\/menteconsciente.pt\/blog\/wp-content\/uploads\/2022\/10\/4220545-205x205.jpg 205w, https:\/\/menteconsciente.pt\/blog\/wp-content\/uploads\/2022\/10\/4220545-149x149.jpg 149w, https:\/\/menteconsciente.pt\/blog\/wp-content\/uploads\/2022\/10\/4220545-264x264.jpg 264w, https:\/\/menteconsciente.pt\/blog\/wp-content\/uploads\/2022\/10\/4220545-50x50.jpg 50w, https:\/\/menteconsciente.pt\/blog\/wp-content\/uploads\/2022\/10\/4220545-60x60.jpg 60w, https:\/\/menteconsciente.pt\/blog\/wp-content\/uploads\/2022\/10\/4220545-640x640.jpg 640w, https:\/\/menteconsciente.pt\/blog\/wp-content\/uploads\/2022\/10\/4220545.jpg 2000w\" sizes=\"auto, (max-width: 300px) 100vw, 300px\" \/><\/p>\n<h6 style=\"text-align: center;\"><span style=\"font-size: 14pt; font-family: futura;\">\u00c9 da sua responsabilidade cuidar de si, assumir a responsabilidade das suas necessidades e respeitar os seus limites &#8211; pela sua sa\u00fade mental.<\/span><\/h6>\n<p>&nbsp;<\/p>\n<p>&nbsp;<\/p>\n<p style=\"text-align: right;\"><span style=\"font-family: futura;\">Cuide de si com amor<\/span><\/p>\n<p style=\"text-align: right;\"><a href=\"https:\/\/www.instagram.com\/catarinameirelespsi\/\" target=\"_blank\" rel=\"noopener\"><span style=\"font-family: futura;\">Catarina Meireles<\/span><\/a><\/p>\n<p>&nbsp;<\/p>\n<p>&nbsp;<\/p>\n<p>&nbsp;<\/p>\n<p><script async src=\"https:\/\/pagead2.googlesyndication.com\/pagead\/js\/adsbygoogle.js?client=ca-pub-9455598609478739\"\n     crossorigin=\"anonymous\"><\/script><\/p>\n","protected":false},"excerpt":{"rendered":"<p>Definir limites pode ser um desafio, mas \u00e9 uma parte essencial do autorespeito.\u00a0Para estabelecer limites de forma eficaz, deve reconhecer [&hellip;]<\/p>\n","protected":false},"author":3,"featured_media":1079,"comment_status":"open","ping_status":"open","sticky":false,"template":"","format":"image","meta":{"footnotes":""},"categories":[60,72,55,58,18],"tags":[36,79],"class_list":["post-1067","post","type-post","status-publish","format-image","has-post-thumbnail","hentry","category-amor-proprio","category-autoconhecimento","category-autocuidado","category-consulta-de-psicologia","category-desenvolvimento-pessoal","tag-consultas-de-psicologia","tag-limites","post_format-post-format-image"],"_links":{"self":[{"href":"https:\/\/menteconsciente.pt\/blog\/wp-json\/wp\/v2\/posts\/1067","targetHints":{"allow":["GET"]}}],"collection":[{"href":"https:\/\/menteconsciente.pt\/blog\/wp-json\/wp\/v2\/posts"}],"about":[{"href":"https:\/\/menteconsciente.pt\/blog\/wp-json\/wp\/v2\/types\/post"}],"author":[{"embeddable":true,"href":"https:\/\/menteconsciente.pt\/blog\/wp-json\/wp\/v2\/users\/3"}],"replies":[{"embeddable":true,"href":"https:\/\/menteconsciente.pt\/blog\/wp-json\/wp\/v2\/comments?post=1067"}],"version-history":[{"count":15,"href":"https:\/\/menteconsciente.pt\/blog\/wp-json\/wp\/v2\/posts\/1067\/revisions"}],"predecessor-version":[{"id":1092,"href":"https:\/\/menteconsciente.pt\/blog\/wp-json\/wp\/v2\/posts\/1067\/revisions\/1092"}],"wp:featuredmedia":[{"embeddable":true,"href":"https:\/\/menteconsciente.pt\/blog\/wp-json\/wp\/v2\/media\/1079"}],"wp:attachment":[{"href":"https:\/\/menteconsciente.pt\/blog\/wp-json\/wp\/v2\/media?parent=1067"}],"wp:term":[{"taxonomy":"category","embeddable":true,"href":"https:\/\/menteconsciente.pt\/blog\/wp-json\/wp\/v2\/categories?post=1067"},{"taxonomy":"post_tag","embeddable":true,"href":"https:\/\/menteconsciente.pt\/blog\/wp-json\/wp\/v2\/tags?post=1067"}],"curies":[{"name":"wp","href":"https:\/\/api.w.org\/{rel}","templated":true}]}}