{"id":1181,"date":"2024-02-08T10:17:46","date_gmt":"2024-02-08T10:17:46","guid":{"rendered":"https:\/\/menteconsciente.pt\/blog\/?p=1181"},"modified":"2024-02-08T11:21:04","modified_gmt":"2024-02-08T11:21:04","slug":"amoramesanutricaoconsciente","status":"publish","type":"post","link":"https:\/\/menteconsciente.pt\/blog\/2024\/02\/08\/amoramesanutricaoconsciente\/","title":{"rendered":"Amor \u00e0 Mesa: Nutri\u00e7\u00e3o Consciente"},"content":{"rendered":"<p><span style=\"font-family: futura; font-size: 8pt;\">Amor \u00e0 Mesa: Nutri\u00e7\u00e3o Consciente <\/span><\/p>\n<p><span style=\"font-family: futura;\">Fevereiro, o amor anda no ar ou, pelo menos, somos convidados a pensar mais nele e na nossa cara metade.<\/span><\/p>\n<h6><span style=\"font-size: 12pt;\"><strong><span style=\"font-family: futura;\">E \u00e9 t\u00e3o bom quando podemos partilhar refei\u00e7\u00f5es com quem gostamos, n\u00e3o \u00e9?<\/span><\/strong><\/span><\/h6>\n<h6><span style=\"font-family: futura; font-size: 12pt;\">E quando partilhamos a mesa com aqueles que n\u00e3o respeitam a nossa forma de comer?<\/span><\/h6>\n<p><span style=\"font-family: futura;\">Todos n\u00f3s de certeza j\u00e1 vivemos uma e outra situa\u00e7\u00f5es. <\/span><span style=\"font-family: futura;\">\u00c9 bem mais f\u00e1cil ouvir o nosso corpo e estar em paz connosco quando estamos a comer com quem nos respeita, sendo a refei\u00e7\u00e3o um momento prazeroso e de partilha.<\/span><\/p>\n<p style=\"text-align: left;\"><span style=\"font-family: futura;\">\u00c9 muito mais dif\u00edcil conseguir comer de acordo com as nossas necessidades se o fazemos ao lado de pessoas que muitas vezes fazem coment\u00e1rios negativos ao nosso corpo ou forma de comer. <\/span><span style=\"font-family: futura;\">Mesmo que com <em>&#8220;<\/em><\/span><span style=\"font-family: futura;\"><em>boas inten\u00e7\u00f5es&#8221;<\/em>.<\/span><br \/>\n<em><span style=\"font-family: futura;\">\u00abVais comer isso tudo?\u00bb<\/span><\/em><br \/>\n<em><span style=\"font-family: futura;\">\u00abN\u00e3o achas que j\u00e1 chega?\u00bb<\/span><\/em><br \/>\n<em><span style=\"font-family: futura;\">\u00abDepois diz que est\u00e1s mais gordo(a)\u00bb.<\/span><\/em><\/p>\n<p><span style=\"font-family: futura;\">Temos de definir limites. <\/span><span style=\"font-family: futura;\">Precisamos de saber que cada um de n\u00f3s \u00e9 o <em>expert<\/em> do seu pr\u00f3prio corpo, e s\u00f3 n\u00f3s sabemos o que precisamos de comer. Mesmo que estejamos numa fase em que n\u00e3o sabemos bem, s\u00f3 n\u00f3s poderemos encontrar essa resposta.<\/span><\/p>\n<h6><span style=\"font-family: futura;\">O nosso corpo varia ao longo da vida. <\/span><span style=\"font-family: futura;\">As nossas prefer\u00eancias variam ao longo da vida &#8211; alimentares e n\u00e3o s\u00f3. <\/span><span style=\"font-family: futura;\">A pessoa por quem nos apaixonamos acompanha esta mudan\u00e7a &#8211; e tem legitimidade para gostar da varia\u00e7\u00e3o ou n\u00e3o &#8211; mas n\u00e3o para nos desrespeitar.<\/span><\/h6>\n<p><span style=\"font-family: futura;\">H\u00e1 pessoas, maioritariamente mulheres, que inicialmente me procuram com o intuito de emagrecer, porque o parceiro\/amigos dizem que precisam de emagrecer. Mas quando exploro e tento perceber o que as incomoda, adivinhem &#8211; n\u00e3o \u00e9 o peso. <\/span><span style=\"font-family: futura;\">\u00c9 sim, muitas vezes, a diminui\u00e7\u00e3o da mobilidade, o<\/span><span style=\"font-family: futura;\"> facto de terem menos tempo para si pr\u00f3prias, m<\/span><span style=\"font-family: futura;\">enos resist\u00eancia f\u00edsica, entre outras.<\/span><\/p>\n<p><span style=\"font-family: futura;\">H\u00e1 mulheres que se sentem menos (enquanto pessoas) porque engordaram com a pandemia e ainda n\u00e3o conseguiram perder esse peso. <\/span><span style=\"font-family: futura;\">H\u00e1 homens que querem aumentar a massa muscular e diminuir a massa gorda para serem mais desejados. E ingressam no gin\u00e1sio para ficarem <em>\u00abmaiores\u00bb<\/em>. <\/span><span style=\"font-family: futura;\">N\u00e3o nos enganemos &#8211; <strong>o que a sociedade nos passa \u00e9 que se emagrecermos tudo na nossa vida melhora.<\/strong><\/span><\/p>\n<h5><span style=\"font-family: futura;\">\u00c9 quase como se emagrecer fosse a chave para o sucesso.<\/span><\/h5>\n<h5><span style=\"font-family: futura;\">S\u00f3 que n\u00e3o \u00e9 &#8211; e muitas vezes chegam-me tamb\u00e9m \u00e0 consultas pessoas destru\u00eddas pelas muitas dietas que fizeram, e que mesmo emagrecendo continuaram infelizes. <\/span><span style=\"font-family: futura;\">Continuaram sem atingir o sucesso t\u00e3o prometido.<\/span><\/h5>\n<p><span style=\"font-family: futura;\">Ser mais magro(a) n\u00e3o nos faz ganhar mais vida.<\/span><\/p>\n<p><span style=\"font-family: futura;\">Qualquer que seja o nosso g\u00e9nero, o <\/span><span style=\"font-family: futura;\">nosso corpo, a <\/span><span style=\"font-family: futura;\">nossa ra\u00e7a, a<\/span><span style=\"font-family: futura;\"> nossa condi\u00e7\u00e3o econ\u00f3mica, a<\/span><span style=\"font-family: futura;\">s nossas prefer\u00eancias alimentares &#8211; m<\/span><span style=\"font-family: futura;\">erecemos respeito. <\/span><span style=\"font-family: futura;\">Todos merecemos respeito.<\/span><\/p>\n<p style=\"text-align: left;\"><span style=\"font-family: futura;\">E neste dia do amor, convido-te a respeitares-te, e ao outro, um pouco mais. <\/span><span style=\"font-family: futura;\">Mais amor, m<\/span><span style=\"font-family: futura;\">ais toler\u00e2ncia, m<\/span><span style=\"font-family: futura;\">ais aceita\u00e7\u00e3o.<\/span><\/p>\n<h5 style=\"text-align: center;\"><span style=\"font-family: futura;\">Mais comer com prazer e sem culpa,<\/span><br \/>\n<span style=\"font-family: futura;\">Que a vida \u00e9 muito curta para sensa\u00e7\u00f5es t\u00e3o negativas.<\/span><\/h5>\n<p style=\"text-align: center;\"><strong><span style=\"font-family: futura;\">Amem-se muito, e comam o que vos fizer sentido, sem desrespeitar o outro.<\/span><\/strong><\/p>\n","protected":false},"excerpt":{"rendered":"<p>Amor \u00e0 Mesa: Nutri\u00e7\u00e3o Consciente Fevereiro, o amor anda no ar ou, pelo menos, somos convidados a pensar mais nele [&hellip;]<\/p>\n","protected":false},"author":5,"featured_media":1190,"comment_status":"open","ping_status":"open","sticky":false,"template":"","format":"image","meta":{"footnotes":""},"categories":[85,86],"tags":[87,88,89],"class_list":["post-1181","post","type-post","status-publish","format-image","has-post-thumbnail","hentry","category-nutricao","category-alimentacaoconsciente","tag-alimentacaoconsciente","tag-nutricao","tag-saude","post_format-post-format-image"],"_links":{"self":[{"href":"https:\/\/menteconsciente.pt\/blog\/wp-json\/wp\/v2\/posts\/1181","targetHints":{"allow":["GET"]}}],"collection":[{"href":"https:\/\/menteconsciente.pt\/blog\/wp-json\/wp\/v2\/posts"}],"about":[{"href":"https:\/\/menteconsciente.pt\/blog\/wp-json\/wp\/v2\/types\/post"}],"author":[{"embeddable":true,"href":"https:\/\/menteconsciente.pt\/blog\/wp-json\/wp\/v2\/users\/5"}],"replies":[{"embeddable":true,"href":"https:\/\/menteconsciente.pt\/blog\/wp-json\/wp\/v2\/comments?post=1181"}],"version-history":[{"count":7,"href":"https:\/\/menteconsciente.pt\/blog\/wp-json\/wp\/v2\/posts\/1181\/revisions"}],"predecessor-version":[{"id":1189,"href":"https:\/\/menteconsciente.pt\/blog\/wp-json\/wp\/v2\/posts\/1181\/revisions\/1189"}],"wp:featuredmedia":[{"embeddable":true,"href":"https:\/\/menteconsciente.pt\/blog\/wp-json\/wp\/v2\/media\/1190"}],"wp:attachment":[{"href":"https:\/\/menteconsciente.pt\/blog\/wp-json\/wp\/v2\/media?parent=1181"}],"wp:term":[{"taxonomy":"category","embeddable":true,"href":"https:\/\/menteconsciente.pt\/blog\/wp-json\/wp\/v2\/categories?post=1181"},{"taxonomy":"post_tag","embeddable":true,"href":"https:\/\/menteconsciente.pt\/blog\/wp-json\/wp\/v2\/tags?post=1181"}],"curies":[{"name":"wp","href":"https:\/\/api.w.org\/{rel}","templated":true}]}}