{"id":1237,"date":"2024-04-08T00:00:44","date_gmt":"2024-04-08T00:00:44","guid":{"rendered":"https:\/\/menteconsciente.pt\/blog\/?p=1237"},"modified":"2024-04-08T12:16:14","modified_gmt":"2024-04-08T12:16:14","slug":"granolacrocante","status":"publish","type":"post","link":"https:\/\/menteconsciente.pt\/blog\/2024\/04\/08\/granolacrocante\/","title":{"rendered":"Receita &#8211; Granola Crocante"},"content":{"rendered":"<h4><span style=\"font-weight: 400; font-family: futura;\">Quem desse lado quer ver uma receita de granola super f\u00e1cil, com pouco desperd\u00edcio, e que nos ado\u00e7a o pequeno-almo\u00e7o ou lanche? Ent\u00e3o aproveitem e deem uma olhadela nesta receita e digam-me se vos satisfaz em todos estes aspetos \ud83d\ude42<\/span><\/h4>\n<p>&nbsp;<\/p>\n<p><img loading=\"lazy\" decoding=\"async\" class=\"receita - granola crocante alignleft wp-image-1238\" title=\"receita - granola crocante\" src=\"https:\/\/menteconsciente.pt\/blog\/wp-content\/uploads\/2024\/03\/IMG_9442-200x300.jpg\" alt=\"receita - granola crocante\" width=\"222\" height=\"333\" srcset=\"https:\/\/menteconsciente.pt\/blog\/wp-content\/uploads\/2024\/03\/IMG_9442-200x300.jpg 200w, https:\/\/menteconsciente.pt\/blog\/wp-content\/uploads\/2024\/03\/IMG_9442-683x1024.jpg 683w, https:\/\/menteconsciente.pt\/blog\/wp-content\/uploads\/2024\/03\/IMG_9442-768x1152.jpg 768w, https:\/\/menteconsciente.pt\/blog\/wp-content\/uploads\/2024\/03\/IMG_9442-1024x1536.jpg 1024w, https:\/\/menteconsciente.pt\/blog\/wp-content\/uploads\/2024\/03\/IMG_9442-1365x2048.jpg 1365w, https:\/\/menteconsciente.pt\/blog\/wp-content\/uploads\/2024\/03\/IMG_9442-8x12.jpg 8w, https:\/\/menteconsciente.pt\/blog\/wp-content\/uploads\/2024\/03\/IMG_9442-104x156.jpg 104w, https:\/\/menteconsciente.pt\/blog\/wp-content\/uploads\/2024\/03\/IMG_9442-159x238.jpg 159w, https:\/\/menteconsciente.pt\/blog\/wp-content\/uploads\/2024\/03\/IMG_9442-218x327.jpg 218w, https:\/\/menteconsciente.pt\/blog\/wp-content\/uploads\/2024\/03\/IMG_9442-177x266.jpg 177w, https:\/\/menteconsciente.pt\/blog\/wp-content\/uploads\/2024\/03\/IMG_9442-267x400.jpg 267w, https:\/\/menteconsciente.pt\/blog\/wp-content\/uploads\/2024\/03\/IMG_9442-207x310.jpg 207w, https:\/\/menteconsciente.pt\/blog\/wp-content\/uploads\/2024\/03\/IMG_9442-154x231.jpg 154w, https:\/\/menteconsciente.pt\/blog\/wp-content\/uploads\/2024\/03\/IMG_9442-133x199.jpg 133w, https:\/\/menteconsciente.pt\/blog\/wp-content\/uploads\/2024\/03\/IMG_9442-137x205.jpg 137w, https:\/\/menteconsciente.pt\/blog\/wp-content\/uploads\/2024\/03\/IMG_9442-99x149.jpg 99w, https:\/\/menteconsciente.pt\/blog\/wp-content\/uploads\/2024\/03\/IMG_9442-176x264.jpg 176w, https:\/\/menteconsciente.pt\/blog\/wp-content\/uploads\/2024\/03\/IMG_9442-scaled.jpg 1707w\" sizes=\"auto, (max-width: 222px) 100vw, 222px\" \/><span style=\"font-weight: 400; font-family: futura;\">15 por\u00e7\u00f5es | 40 minutos<\/span><\/p>\n<h6><span style=\"font-weight: 400; font-family: futura;\">Ingredientes:<\/span><\/h6>\n<ul>\n<li style=\"font-weight: 400;\" aria-level=\"1\"><span style=\"font-weight: 400; font-family: futura;\">2 peras com casca, sem caro\u00e7o (230g)<\/span><\/li>\n<li style=\"font-weight: 400;\" aria-level=\"1\"><span style=\"font-weight: 400; font-family: futura;\">1 laranja inteira, com casca (180g)<\/span><\/li>\n<li style=\"font-weight: 400;\" aria-level=\"1\"><span style=\"font-weight: 400; font-family: futura;\">40g de sementes de ab\u00f3bora<\/span><\/li>\n<li style=\"font-weight: 400;\" aria-level=\"1\"><span style=\"font-weight: 400; font-family: futura;\">60g de nozes<\/span><\/li>\n<li style=\"font-weight: 400;\" aria-level=\"1\"><span style=\"font-weight: 400; font-family: futura;\">150g de flocos de aveia<\/span><\/li>\n<li style=\"font-weight: 400;\" aria-level=\"1\"><span style=\"font-weight: 400; font-family: futura;\">70g de arroz puff<\/span><\/li>\n<li style=\"font-weight: 400;\" aria-level=\"1\"><span style=\"font-weight: 400; font-family: futura;\">canela em p\u00f3 a gosto<\/span><\/li>\n<\/ul>\n<p>&nbsp;<\/p>\n<h6><\/h6>\n<h6><span style=\"font-weight: 400; font-family: futura;\">Prepara\u00e7\u00e3o\/Confe\u00e7\u00e3o:<\/span><\/h6>\n<ol>\n<li style=\"font-weight: 400;\" aria-level=\"1\">\n<pre><span style=\"font-weight: 400; font-family: futura;\">Pr\u00e9- aquecer o forno a 150\u00baC.<\/span><\/pre>\n<\/li>\n<li style=\"font-weight: 400;\" aria-level=\"1\">\n<pre><span style=\"font-weight: 400; font-family: futura;\">Triturar a pera e laranja com uma varinha m\u00e1gica e reservar (neste ponto, usei a laranja inteira com casca e a pera com casca, sem caro\u00e7o).<\/span><\/pre>\n<\/li>\n<li style=\"font-weight: 400;\" aria-level=\"1\">\n<pre><span style=\"font-weight: 400; font-family: futura;\">Numa ta\u00e7a \u00e0 parte, misturar os ingredientes secos e adicionar a mistura l\u00edquida obtida no ponto anterior, envolvendo bem.<\/span><\/pre>\n<\/li>\n<li style=\"font-weight: 400;\" aria-level=\"1\">\n<pre><span style=\"font-weight: 400; font-family: futura;\">Colocar o preparado anterior num tabuleiro de ir ao forno previamente forrado com papel vegetal, distribuindo a granola uniformemente pelo tabuleiro. Levar ao forno pr\u00e9-aquecido a 150\u00baC durante 20-30 minutos, mexendo cerca de 2 vezes de forma a tostar a granola por todo.<\/span><\/pre>\n<\/li>\n<li style=\"font-weight: 400;\" aria-level=\"1\">\n<pre><span style=\"font-weight: 400; font-family: futura;\">Depois da granola estar pronta, desligar o forno e deix\u00e1-la no tabuleiro durante algumas horas (cerca de 4h). Assim ficamos com uma granola com mais grumos :)<\/span><\/pre>\n<\/li>\n<\/ol>\n<h6><span style=\"font-weight: 400; font-family: futura;\">Informa\u00e7\u00e3o nutricional (por por\u00e7\u00e3o):<\/span><\/h6>\n<p><span style=\"font-weight: 400; font-family: futura;\">Valor energ\u00e9tico (kcal): 111<\/span><\/p>\n<p><span style=\"font-weight: 400; font-family: futura;\">Gordura (g): 5<\/span><\/p>\n<p><span style=\"font-weight: 400; font-family: futura;\">Hidratos de carbono (g): 13<\/span><\/p>\n<p><span style=\"font-weight: 400; font-family: futura;\">Prote\u00edna (g): 3<\/span><\/p>\n<p><span style=\"font-weight: 400; font-family: futura;\">Fibra (g): 2<\/span><\/p>\n<p>&nbsp;<\/p>\n","protected":false},"excerpt":{"rendered":"<p>Quem desse lado quer ver uma receita de granola super f\u00e1cil, com pouco desperd\u00edcio, e que nos ado\u00e7a o pequeno-almo\u00e7o [&hellip;]<\/p>\n","protected":false},"author":5,"featured_media":1239,"comment_status":"open","ping_status":"open","sticky":false,"template":"","format":"image","meta":{"footnotes":""},"categories":[85,97],"tags":[88],"class_list":["post-1237","post","type-post","status-publish","format-image","has-post-thumbnail","hentry","category-nutricao","category-receita","tag-nutricao","post_format-post-format-image"],"_links":{"self":[{"href":"https:\/\/menteconsciente.pt\/blog\/wp-json\/wp\/v2\/posts\/1237","targetHints":{"allow":["GET"]}}],"collection":[{"href":"https:\/\/menteconsciente.pt\/blog\/wp-json\/wp\/v2\/posts"}],"about":[{"href":"https:\/\/menteconsciente.pt\/blog\/wp-json\/wp\/v2\/types\/post"}],"author":[{"embeddable":true,"href":"https:\/\/menteconsciente.pt\/blog\/wp-json\/wp\/v2\/users\/5"}],"replies":[{"embeddable":true,"href":"https:\/\/menteconsciente.pt\/blog\/wp-json\/wp\/v2\/comments?post=1237"}],"version-history":[{"count":5,"href":"https:\/\/menteconsciente.pt\/blog\/wp-json\/wp\/v2\/posts\/1237\/revisions"}],"predecessor-version":[{"id":1244,"href":"https:\/\/menteconsciente.pt\/blog\/wp-json\/wp\/v2\/posts\/1237\/revisions\/1244"}],"wp:featuredmedia":[{"embeddable":true,"href":"https:\/\/menteconsciente.pt\/blog\/wp-json\/wp\/v2\/media\/1239"}],"wp:attachment":[{"href":"https:\/\/menteconsciente.pt\/blog\/wp-json\/wp\/v2\/media?parent=1237"}],"wp:term":[{"taxonomy":"category","embeddable":true,"href":"https:\/\/menteconsciente.pt\/blog\/wp-json\/wp\/v2\/categories?post=1237"},{"taxonomy":"post_tag","embeddable":true,"href":"https:\/\/menteconsciente.pt\/blog\/wp-json\/wp\/v2\/tags?post=1237"}],"curies":[{"name":"wp","href":"https:\/\/api.w.org\/{rel}","templated":true}]}}