{"id":1246,"date":"2024-04-15T13:00:17","date_gmt":"2024-04-15T13:00:17","guid":{"rendered":"https:\/\/menteconsciente.pt\/blog\/?p=1246"},"modified":"2024-04-01T12:57:52","modified_gmt":"2024-04-01T12:57:52","slug":"redes-sociais","status":"publish","type":"post","link":"https:\/\/menteconsciente.pt\/blog\/2024\/04\/15\/redes-sociais\/","title":{"rendered":"O impacto das redes sociais na sa\u00fade mental"},"content":{"rendered":"<p><span style=\"font-family: futura;\">As redes sociais tornaram-se parte da nossa vida, alterando a forma como nos relacionamos, comunicamos e entendemos o mundo. Com as redes sociais conseguimos partilhar experi\u00eancias com pessoas de todo o mundo e ainda, ter acesso a informa\u00e7\u00e3o\/conte\u00fado sobre todos os temas. Contudo, enquanto desfrutamos dos benef\u00edcios, \u00e9 importante estarmos conscientes do impacto que podem ter na nossa sa\u00fade mental.<\/span><\/p>\n<h5><span style=\"font-family: futura;\">Na minha pr\u00e1tica profissional, tenho observado o efeito que o uso excessivo das redes sociais, podem ter na sa\u00fade mental. A exposi\u00e7\u00e3o constante a est\u00edmulos e intera\u00e7\u00f5es online podem contribuir para um estado de sobrecarga mental, levando ao aumento de estados emocionais como: <a href=\"https:\/\/menteconsciente.pt\/blog\/2022\/09\/05\/stress-e-ansiedade\/\">ansiedade<\/a>, <a href=\"https:\/\/menteconsciente.pt\/blog\/2022\/06\/01\/depressao\/\">depress\u00e3o<\/a>, solid\u00e3o, baixa autoestima, <\/span><span style=\"font-family: futura;\">entre outros.<\/span><\/h5>\n<p>&nbsp;<\/p>\n<figure id=\"attachment_1249\" aria-describedby=\"caption-attachment-1249\" style=\"width: 300px\" class=\"wp-caption aligncenter\"><img loading=\"lazy\" decoding=\"async\" class=\"O impacto das redes sociais na sa\u00fade mental wp-image-1249 size-medium\" title=\"O impacto das redes sociais na sa\u00fade mental\" src=\"https:\/\/menteconsciente.pt\/blog\/wp-content\/uploads\/2024\/03\/4340131-removebg-preview-300x300.png\" alt=\"O impacto das redes sociais na sa\u00fade mental\" width=\"300\" height=\"300\" srcset=\"https:\/\/menteconsciente.pt\/blog\/wp-content\/uploads\/2024\/03\/4340131-removebg-preview-300x300.png 300w, https:\/\/menteconsciente.pt\/blog\/wp-content\/uploads\/2024\/03\/4340131-removebg-preview-150x150.png 150w, https:\/\/menteconsciente.pt\/blog\/wp-content\/uploads\/2024\/03\/4340131-removebg-preview-12x12.png 12w, https:\/\/menteconsciente.pt\/blog\/wp-content\/uploads\/2024\/03\/4340131-removebg-preview-156x156.png 156w, https:\/\/menteconsciente.pt\/blog\/wp-content\/uploads\/2024\/03\/4340131-removebg-preview-238x238.png 238w, https:\/\/menteconsciente.pt\/blog\/wp-content\/uploads\/2024\/03\/4340131-removebg-preview-327x327.png 327w, https:\/\/menteconsciente.pt\/blog\/wp-content\/uploads\/2024\/03\/4340131-removebg-preview-266x266.png 266w, https:\/\/menteconsciente.pt\/blog\/wp-content\/uploads\/2024\/03\/4340131-removebg-preview-400x400.png 400w, https:\/\/menteconsciente.pt\/blog\/wp-content\/uploads\/2024\/03\/4340131-removebg-preview-310x310.png 310w, https:\/\/menteconsciente.pt\/blog\/wp-content\/uploads\/2024\/03\/4340131-removebg-preview-231x231.png 231w, https:\/\/menteconsciente.pt\/blog\/wp-content\/uploads\/2024\/03\/4340131-removebg-preview-199x199.png 199w, https:\/\/menteconsciente.pt\/blog\/wp-content\/uploads\/2024\/03\/4340131-removebg-preview-205x205.png 205w, https:\/\/menteconsciente.pt\/blog\/wp-content\/uploads\/2024\/03\/4340131-removebg-preview-149x149.png 149w, https:\/\/menteconsciente.pt\/blog\/wp-content\/uploads\/2024\/03\/4340131-removebg-preview-264x264.png 264w, https:\/\/menteconsciente.pt\/blog\/wp-content\/uploads\/2024\/03\/4340131-removebg-preview-50x50.png 50w, https:\/\/menteconsciente.pt\/blog\/wp-content\/uploads\/2024\/03\/4340131-removebg-preview-60x60.png 60w, https:\/\/menteconsciente.pt\/blog\/wp-content\/uploads\/2024\/03\/4340131-removebg-preview.png 500w\" sizes=\"auto, (max-width: 300px) 100vw, 300px\" \/><figcaption id=\"caption-attachment-1249\" class=\"wp-caption-text\"><span style=\"font-family: futura; font-size: 10pt;\">O impacto das redes sociais na sa\u00fade mental<\/span><\/figcaption><\/figure>\n<h5><span style=\"font-family: futura;\">A \u201cnecessidade\u201d constante de estarmos sempre <em>online<\/em> a acompanhar tudo e todos, causa in\u00fameras dificuldades no estabelecimento de limites saud\u00e1veis. Uma vez que, a facilidade de acesso \u00e0s redes sociais, atrav\u00e9s do telem\u00f3vel, faz com que o <em>scroll<\/em> seja constante.<\/span><\/h5>\n<p><span style=\"font-family: futura;\">De forma a mitigar o impacto negativo das redes sociais podem ter na sa\u00fade mental, \u00e9 importante estabelecer limites. Partilho algumas sugest\u00f5es pr\u00e1ticas:<\/span><\/p>\n<ul>\n<li>\n<pre><span style=\"font-family: futura;\"><strong>Estabelecer limites de tempo<\/strong> reserve per\u00edodos espec\u00edficos de utiliza\u00e7\u00e3o e defina limites de tempo. Pode usar as configura\u00e7\u00f5es do telem\u00f3vel para a\/o ajudar a definir o tempo de uso.<\/span><\/pre>\n<\/li>\n<li>\n<pre><span style=\"font-family: futura;\"><strong>Desativar as notifica\u00e7\u00f5es<\/strong> configure para apenar receber as mais importantes, assim evita o <em>\u201crisco\u201d<\/em> de distra\u00e7\u00e3o\/curiosidade.<\/span><\/pre>\n<\/li>\n<li>\n<pre><span style=\"font-family: futura;\"><strong>Use de forma consciente<\/strong> fa\u00e7a um esfor\u00e7o consciente para estar presente na utiliza\u00e7\u00e3o das redes sociais, de forma a evitar o ciclo intermin\u00e1vel de <em>scroll<\/em> autom\u00e1tico.<\/span><\/pre>\n<\/li>\n<li>\n<pre><span style=\"font-family: futura;\"><strong>Utilize o \u201cmodo avi\u00e3o\u201d ou \u201cmodo n\u00e3o perturbe\u201d<\/strong> em determinados momentos do dia. Como por exemplo, durante as refei\u00e7\u00f5es ou atividades de lazer. \u201cDesconectar\u201d, pode promover um aumento de produtividade e capacidade de foco.<\/span><\/pre>\n<\/li>\n<li>\n<pre><span style=\"font-family: futura;\"><strong>Defina um objetivo ou prop\u00f3sito<\/strong> <strong>claro para a utiliza\u00e7\u00e3o das redes sociais<\/strong> reflita \u201cQual \u00e9 o meu objetivo para usar as redes socias, neste momento?\u201d, ao defini-lo evita o uso excessivo e consegue direcionar a sua motiva\u00e7\u00e3o para o objetivo espec\u00edfico.<\/span><\/pre>\n<\/li>\n<li>\n<pre><span style=\"font-family: futura;\"><strong>Esteja envolvido em atividades <em>offline<\/em><\/strong> como exerc\u00edcio f\u00edsico, leitura, estar com amigos\/familiares, entre outras atividades que sejam do seu interesse.<\/span><\/pre>\n<\/li>\n<li>\n<pre><span style=\"font-family: futura;\"><strong>Defina um per\u00edodo de <em>\u201cdetox\u201d<\/em> digital regular<\/strong>, pode ser uma tarde, um dia, um fim de semana por m\u00eas o que sentir que \u00e9 confort\u00e1vel para si neste momento. Use esse tempo para estar focado em si, nos seus objetivos e interesses. Esta pr\u00e1tica ajuda na preven\u00e7\u00e3o de uma poss\u00edvel depend\u00eancia e a criar um equil\u00edbrio saud\u00e1vel.<\/span><\/pre>\n<\/li>\n<li>\n<pre><span style=\"font-family: futura;\">Se sentir que nada funciona, talvez seja importante considerar a <a href=\"https:\/\/menteconsciente.pt\/marcacao-de-consulta-de-psicologia\/\"><strong>procura de apoio psicol\u00f3gico<\/strong><\/a>, poder\u00e1 usufruir de orienta\u00e7\u00e3o personalizada e estrat\u00e9gias adicionais para que possa lidar com este desafio.<\/span><\/pre>\n<\/li>\n<\/ul>\n<p><span style=\"font-family: futura;\">O uso saud\u00e1vel das redes sociais implica encontrar um equil\u00edbrio entre usufruir de todos os seus benef\u00edcios enquanto protege e prioriza o seu bem-estar emocional. Ao estabelecer limites pode reduzir o impacto negativo das redes sociais e promover um uso mais consciente.<\/span><\/p>\n<h5 style=\"text-align: center;\"><span style=\"font-family: futura;\">Lembre-se que o equil\u00edbrio entre a presen\u00e7a <em>online<\/em> e <em>offline<\/em> \u00e9 essencial para uma vida plena e saud\u00e1vel.<\/span><\/h5>\n<p style=\"text-align: right;\">Cuide de si com amor<\/p>\n<p style=\"text-align: right;\"><a href=\"https:\/\/www.instagram.com\/catarinameirelespsi\/\" target=\"_blank\" rel=\"noopener\"><span style=\"font-family: futura;\">Catarina Meireles<\/span><\/a><\/p>\n","protected":false},"excerpt":{"rendered":"<p>As redes sociais tornaram-se parte da nossa vida, alterando a forma como nos relacionamos, comunicamos e entendemos o mundo. Com [&hellip;]<\/p>\n","protected":false},"author":3,"featured_media":1247,"comment_status":"open","ping_status":"open","sticky":false,"template":"","format":"image","meta":{"footnotes":""},"categories":[44,72,55,37,83],"tags":[66],"class_list":["post-1246","post","type-post","status-publish","format-image","has-post-thumbnail","hentry","category-psicologia-positiva","category-autoconhecimento","category-autocuidado","category-inteligencia-emocinal","category-mindfulness","tag-redes-sociais","post_format-post-format-image"],"_links":{"self":[{"href":"https:\/\/menteconsciente.pt\/blog\/wp-json\/wp\/v2\/posts\/1246","targetHints":{"allow":["GET"]}}],"collection":[{"href":"https:\/\/menteconsciente.pt\/blog\/wp-json\/wp\/v2\/posts"}],"about":[{"href":"https:\/\/menteconsciente.pt\/blog\/wp-json\/wp\/v2\/types\/post"}],"author":[{"embeddable":true,"href":"https:\/\/menteconsciente.pt\/blog\/wp-json\/wp\/v2\/users\/3"}],"replies":[{"embeddable":true,"href":"https:\/\/menteconsciente.pt\/blog\/wp-json\/wp\/v2\/comments?post=1246"}],"version-history":[{"count":5,"href":"https:\/\/menteconsciente.pt\/blog\/wp-json\/wp\/v2\/posts\/1246\/revisions"}],"predecessor-version":[{"id":1253,"href":"https:\/\/menteconsciente.pt\/blog\/wp-json\/wp\/v2\/posts\/1246\/revisions\/1253"}],"wp:featuredmedia":[{"embeddable":true,"href":"https:\/\/menteconsciente.pt\/blog\/wp-json\/wp\/v2\/media\/1247"}],"wp:attachment":[{"href":"https:\/\/menteconsciente.pt\/blog\/wp-json\/wp\/v2\/media?parent=1246"}],"wp:term":[{"taxonomy":"category","embeddable":true,"href":"https:\/\/menteconsciente.pt\/blog\/wp-json\/wp\/v2\/categories?post=1246"},{"taxonomy":"post_tag","embeddable":true,"href":"https:\/\/menteconsciente.pt\/blog\/wp-json\/wp\/v2\/tags?post=1246"}],"curies":[{"name":"wp","href":"https:\/\/api.w.org\/{rel}","templated":true}]}}