{"id":1308,"date":"2024-11-13T15:29:09","date_gmt":"2024-11-13T15:29:09","guid":{"rendered":"https:\/\/menteconsciente.pt\/blog\/?p=1308"},"modified":"2024-11-17T12:30:18","modified_gmt":"2024-11-17T12:30:18","slug":"nutricao","status":"publish","type":"post","link":"https:\/\/menteconsciente.pt\/blog\/2024\/11\/13\/nutricao\/","title":{"rendered":"Sente que no final do dia come de uma forma descontrolada?\u00a0Come demais e fica cheia(o)?"},"content":{"rendered":"<p>&nbsp;<\/p>\n<h6><span style=\"font-weight: 400; font-family: futura;\">Sente que no final do dia come de uma forma descontrolada?\u00a0 Come demais e fica cheia(o)?<\/span><\/h6>\n<h5><span style=\"font-weight: 400; font-family: futura;\">Ora bem, isto pode acontecer por um dos seguintes motivos (ou pelos dois em simult\u00e2neo):<\/span><\/h5>\n<ul>\n<li style=\"font-weight: 400;\" aria-level=\"1\">\n<h5><span style=\"font-weight: 400; font-family: futura;\">tem fome mesmo\u00a0<\/span><\/h5>\n<\/li>\n<li style=\"font-weight: 400;\" aria-level=\"1\">\n<h5><span style=\"font-weight: 400; font-family: futura;\">est\u00e1 a procurar conforto na comida para gerir as emo\u00e7\u00f5es<\/span><\/h5>\n<\/li>\n<\/ul>\n<p>&nbsp;<\/p>\n<p><span style=\"font-weight: 400; font-family: futura;\">Pense bem na primeira raz\u00e3o &#8211; <strong>tem fome mesmo.<\/strong><\/span><\/p>\n<p><span style=\"font-weight: 400; font-family: futura;\">A maioria de n\u00f3s n\u00e3o sabe avaliar a sua fome e acha que comeu o suficiente ao longo do dia quando, na verdade, \u00abcomeu como um passarinho\u00bb (costumo eu dizer quando me refiro a comer pouco).<\/span><\/p>\n<p>&nbsp;<\/p>\n<p><span style=\"font-weight: 400; font-family: futura;\">Imagine o seguinte dia alimentar:<\/span><\/p>\n<p><span style=\"font-weight: 400; font-family: futura;\">08:00 &#8211; Pequeno almo\u00e7o &#8211; torrada com manteiga e pingo<\/span><\/p>\n<p><span style=\"font-weight: 400; font-family: futura;\">10:00 &#8211; Lanche da manh\u00e3 &#8211; 1 pe\u00e7a de fruta<\/span><\/p>\n<p><span style=\"font-weight: 400; font-family: futura;\">12:30 &#8211; Almo\u00e7o &#8211; prato com carne + arroz + salada<\/span><\/p>\n<p>&nbsp;<\/p>\n<h4><span style=\"font-weight: 400; font-family: futura;\">Chega a casa \u00e0s 18:00. N\u00e3o acha que \u00e9 normal estar esfomeada(o) e pronta(o) a atacar a despensa?<\/span><\/h4>\n<p><span style=\"font-weight: 400; font-family: futura;\">Isto ainda para mais depois de um dia mais dif\u00edcil \u00e9 a mistura ideal para a desgra\u00e7a!<\/span><\/p>\n<p>&nbsp;<\/p>\n<p><strong><span style=\"font-family: futura;\">Agora pense comigo:<\/span><\/strong><\/p>\n<p><span style=\"font-weight: 400; font-family: futura;\">08:00 &#8211; Pequeno almo\u00e7o &#8211; torrada com manteiga e meia de leite + 1 pe\u00e7a de fruta<\/span><\/p>\n<p><span style=\"font-weight: 400; font-family: futura;\">10:00 &#8211; Lanche da manh\u00e3 &#8211; 1 pe\u00e7a de fruta + \u00bd p\u00e3o com queijo magro<\/span><\/p>\n<p><span style=\"font-weight: 400; font-family: futura;\">12:30 &#8211; Almo\u00e7o &#8211; sopa + prato com carne + arroz + salada + fruta<\/span><\/p>\n<p><span style=\"font-weight: 400; font-family: futura;\">16:00 &#8211; Lanche da tarde &#8211; p\u00e3o com queijo + 1 pe\u00e7a de fruta<\/span><\/p>\n<p>&nbsp;<\/p>\n<p><span style=\"font-weight: 400; font-family: futura;\">Este dia est\u00e1 mais completo do ponto de vista alimentar.<\/span><\/p>\n<p><span style=\"font-weight: 400; font-family: futura;\">V\u00e1rios dias assim (n\u00e3o apenas um) d\u00e3o-nos mais energia e evitam que cheguemos a casa esfomeadas(os). Assim, fazemos outro lanche se necess\u00e1rio ou mesmo jantamos mais cedo e n\u00e3o temos uma fome imensa.<\/span><\/p>\n<h4><span style=\"font-weight: 400; font-family: futura;\">Agora a pergunta que se coloca \u00e9: podemos comer um pouco de chocolate quando estamos chateadas? Ou uma bola de gelado?<\/span><\/h4>\n<p><span style=\"font-weight: 400; font-family: futura;\">Porque n\u00e3o haver\u00edamos de poder?\u00a0<\/span><\/p>\n<p><span style=\"font-weight: 400; font-family: futura;\">Muitas vezes em consulta ou\u00e7o pessoas dizerem \u00abEm minha casa n\u00e3o entram doces\u00bb, ou ent\u00e3o \u00abBatatas fritas \u00e9 algo proibido em casa\u00bb, ou mesmo \u00abN\u00e3o compro bolachas para casa porque como sempre o pacote completo\u00bb<\/span><\/p>\n<p style=\"text-align: center;\"><span style=\"font-weight: 400; font-family: futura;\">Lembre-se que <em>\u00abo fruto proibido \u00e9 o mais apetecido\u00bb<\/em> e n\u00e3o acredito que se trabalhe comportamento alimentar com restri\u00e7\u00f5es destas.<\/span><\/p>\n<p>&nbsp;<\/p>\n<p><span style=\"font-weight: 400; font-family: futura;\">Todos os alimentos devem ser permitidos, a n\u00e3o ser em situa\u00e7\u00f5es excepcionais em que haja alguma alergia ou intoler\u00e2ncia graves.<\/span><\/p>\n<p><span style=\"font-weight: 400; font-family: futura;\">A falta de \u00abControlo\u00bb quando comemos algo vem:<\/span><\/p>\n<ul>\n<li style=\"font-weight: 400;\" aria-level=\"1\"><span style=\"font-weight: 400; font-family: futura;\">da nossa vontade de comer esse alimento<\/span><\/li>\n<li style=\"font-weight: 400;\" aria-level=\"1\"><span style=\"font-weight: 400; font-family: futura;\">sensa\u00e7\u00e3o de escassez que sentimos (tenho que comer isto AGORA porque depois entro em dieta)<\/span><\/li>\n<li style=\"font-weight: 400;\" aria-level=\"1\"><span style=\"font-weight: 400; font-family: futura;\">sensa\u00e7\u00e3o de que n\u00e3o dev\u00edamos comer algo, porque \u00e9 \u00abmau\u00bb, \u00ablixo\u00bb, \u00abuma asneira\u00bb<\/span><\/li>\n<\/ul>\n<p>&nbsp;<\/p>\n<h3 style=\"text-align: center;\"><span style=\"font-weight: 400; font-family: futura;\">A COMIDA \u00c9 APENAS COMIDA\u00a0<\/span><\/h3>\n<p style=\"text-align: center;\"><span style=\"font-weight: 400; font-family: futura;\">(Repete as vezes que forem necess\u00e1rias).<\/span><\/p>\n<h4 style=\"text-align: center;\"><span style=\"font-weight: 400; font-family: futura;\">N\u00e3o h\u00e1 alimentos bons nem maus.<\/span><\/h4>\n<p>&nbsp;<\/p>\n<p><span style=\"font-weight: 400; font-family: futura;\">H\u00e1 SIM alimentos que temos de comer mais vezes e em maior quantidade (ex: legumes) e outros cujo interesse nutricional \u00e9 ZERO e apenas os comemos pelo prazer &#8211; por exemplo, o chocolate.<\/span><\/p>\n<p><span style=\"font-weight: 400; font-family: futura;\">Digo muitas vezes em consulta: <strong>EU N\u00c3O QUERO VIVER UMA VIDA SEM CHOCOLATE.<\/strong><\/span><\/p>\n<p><span style=\"font-weight: 400; font-family: futura;\">E quem diz chocolate pode ser outra coisa qualquer.<\/span><\/p>\n<p>&nbsp;<\/p>\n<h6 style=\"text-align: center;\"><span style=\"font-weight: 400; font-family: futura;\">O prazer de comer \u00e9 algo que \u00e9 IMPORTANTE.<\/span><\/h6>\n<p><span style=\"font-weight: 400; font-family: futura;\">E n\u00e3o precisamos apenas de comer alimentos ricos nutricionalmente.<\/span><\/p>\n<p><span style=\"font-weight: 400; font-family: futura;\">Esta mentalidade adv\u00e9m do nosso privil\u00e9gio de podermos escolher &#8211; e este tema fica para um outro artigo.<\/span><\/p>\n<h6 style=\"text-align: center;\"><span style=\"font-weight: 400; font-family: futura;\">Precisa de comer DE TUDO &#8211; e os alimentos n\u00e3o s\u00e3o bons nem maus.<\/span><\/h6>\n","protected":false},"excerpt":{"rendered":"<p>&nbsp; Sente que no final do dia come de uma forma descontrolada?\u00a0 Come demais e fica cheia(o)? Ora bem, isto [&hellip;]<\/p>\n","protected":false},"author":5,"featured_media":1310,"comment_status":"open","ping_status":"open","sticky":false,"template":"","format":"image","meta":{"footnotes":""},"categories":[86,103],"tags":[104],"class_list":["post-1308","post","type-post","status-publish","format-image","has-post-thumbnail","hentry","category-alimentacaoconsciente","category-consulta-de-nutricao","tag-alimentacao-consciente","post_format-post-format-image"],"_links":{"self":[{"href":"https:\/\/menteconsciente.pt\/blog\/wp-json\/wp\/v2\/posts\/1308","targetHints":{"allow":["GET"]}}],"collection":[{"href":"https:\/\/menteconsciente.pt\/blog\/wp-json\/wp\/v2\/posts"}],"about":[{"href":"https:\/\/menteconsciente.pt\/blog\/wp-json\/wp\/v2\/types\/post"}],"author":[{"embeddable":true,"href":"https:\/\/menteconsciente.pt\/blog\/wp-json\/wp\/v2\/users\/5"}],"replies":[{"embeddable":true,"href":"https:\/\/menteconsciente.pt\/blog\/wp-json\/wp\/v2\/comments?post=1308"}],"version-history":[{"count":3,"href":"https:\/\/menteconsciente.pt\/blog\/wp-json\/wp\/v2\/posts\/1308\/revisions"}],"predecessor-version":[{"id":1334,"href":"https:\/\/menteconsciente.pt\/blog\/wp-json\/wp\/v2\/posts\/1308\/revisions\/1334"}],"wp:featuredmedia":[{"embeddable":true,"href":"https:\/\/menteconsciente.pt\/blog\/wp-json\/wp\/v2\/media\/1310"}],"wp:attachment":[{"href":"https:\/\/menteconsciente.pt\/blog\/wp-json\/wp\/v2\/media?parent=1308"}],"wp:term":[{"taxonomy":"category","embeddable":true,"href":"https:\/\/menteconsciente.pt\/blog\/wp-json\/wp\/v2\/categories?post=1308"},{"taxonomy":"post_tag","embeddable":true,"href":"https:\/\/menteconsciente.pt\/blog\/wp-json\/wp\/v2\/tags?post=1308"}],"curies":[{"name":"wp","href":"https:\/\/api.w.org\/{rel}","templated":true}]}}