{"id":1339,"date":"2024-12-11T10:50:02","date_gmt":"2024-12-11T10:50:02","guid":{"rendered":"https:\/\/menteconsciente.pt\/blog\/?p=1339"},"modified":"2024-12-11T11:15:31","modified_gmt":"2024-12-11T11:15:31","slug":"como-lidar-com-o-luto","status":"publish","type":"post","link":"https:\/\/menteconsciente.pt\/blog\/2024\/12\/11\/como-lidar-com-o-luto\/","title":{"rendered":"Quando o Natal perde o brilho: Como lidar com o luto?"},"content":{"rendered":"<p style=\"text-align: center;\"><em><span style=\"font-family: futura; font-size: 8pt;\">Quando o Natal perde o brilho: Como lidar com o luto? <\/span><\/em><\/p>\n<p style=\"text-align: center;\"><span style=\"font-family: futura; font-size: 12pt;\">O Natal \u00e9 tradicionalmente uma \u00e9poca de celebra\u00e7\u00e3o e alegria, contudo pode tamb\u00e9m representar um desafio emocional profundo para muitas pessoas. Esta fase festiva, centrada na fam\u00edlia, nos encontros e na troca de afetos, pode ser um lembrete doloroso da aus\u00eancia de algu\u00e9m, seja de um familiar, amigo ou at\u00e9 de uma mudan\u00e7a significativa na vida. O Natal pode ser uma \u00e9poca em que as emo\u00e7\u00f5es de tristeza e saudade s\u00e3o amplificadas, criando um cen\u00e1rio de instabilidade emocional.<\/span><\/p>\n<h5><span style=\"font-family: futura;\"><strong>As expectativas sociais<\/strong><\/span><\/h5>\n<p><span style=\"font-family: futura;\">Sendo, o Natal, retratado como uma \u00e9poca de felicidade e uni\u00e3o, h\u00e1 uma press\u00e3o impl\u00edcita para que todos compartilhem estes sentimentos. Para quem est\u00e1 a lidar com a dor da perda, essa expectativa pode ser dif\u00edcil de suportar\/corresponder, uma vez que o luto n\u00e3o segue um cronograma e n\u00e3o pode ser <em>&#8220;superado&#8221;<\/em> com um simples esfor\u00e7o para celebrar. Muitas vezes, as pessoas que est\u00e3o a passar por um processo de luto sentem-se como se n\u00e3o se encaixassem na imagem idealizada do Natal, o que pode gerar sentimentos de culpa e frustra\u00e7\u00e3o.<\/span><\/p>\n<h5><span style=\"font-family: futura;\"><strong>O Natal e as emo\u00e7\u00f5es contradit\u00f3rias<\/strong><\/span><\/h5>\n<p><span style=\"font-family: futura;\">Embora o Natal seja uma \u00e9poca de uni\u00e3o, a dor da aus\u00eancia de uma pessoa significativa pode tornar a celebra\u00e7\u00e3o dif\u00edcil. Mesmo rodeados de familiares e amigos, muitas pessoas em luto experienciam uma sensa\u00e7\u00e3o de vazio, como se a presen\u00e7a daquele que partiu fosse indispens\u00e1vel para completar a experi\u00eancia de celebra\u00e7\u00e3o.<\/span><\/p>\n<p><span style=\"font-family: futura;\">Para muitos, a saudade pode surgir de uma forma particularmente aguda durante as festas, trazendo \u00e0 tona mem\u00f3rias que tornam a aus\u00eancia ainda mais evidente. N\u00e3o \u00e9 raro que os sentimentos de tristeza sejam misturados com o desejo de manter a tradi\u00e7\u00e3o e de partilhar momentos de felicidade, criando um dilema emocional dif\u00edcil de lidar.<\/span><\/p>\n<h4><span style=\"font-family: futura;\"><strong>Como lidar com o luto, no Natal?<\/strong><\/span><\/h4>\n<p><span style=\"font-family: futura;\">Embora o Natal possa ser uma altura de desafios emocionais, existem estrat\u00e9gias que podem ajudar a lidar com as emo\u00e7\u00f5es e a encontrar formas de viver a \u00e9poca com mais tranquilidade.<\/span><\/p>\n<ol>\n<li><span style=\"font-family: futura; font-size: 12pt;\"><strong>Aceitar os sentimentos de tristeza<\/strong>: N\u00e3o h\u00e1 problema em sentir tristeza durante o Natal. O luto n\u00e3o desaparece s\u00f3 porque \u00e9 Natal. A aceita\u00e7\u00e3o das emo\u00e7\u00f5es, sejam elas de tristeza, nostalgia ou at\u00e9 solid\u00e3o, \u00e9 um passo importante no processo de cura. Tentar ignorar ou &#8220;superar&#8221; a dor pode prolongar o sofrimento. Aceitar que o luto \u00e9 um processo \u00fanico e que cada pessoa vive de forma diferente.<\/span><\/li>\n<li><span style=\"font-family: futura;\"><strong>Criar novas tradi\u00e7\u00f5es<\/strong>: Para algumas pessoas, as tradi\u00e7\u00f5es de Natal podem trazer \u00e0 mem\u00f3rias dolorosas. Nesse caso, criar novos rituais ou formas de celebrar pode ajudar a ajustar a celebra\u00e7\u00e3o ao processo de luto. Isso pode incluir acender uma vela em mem\u00f3ria, criar um espa\u00e7o para partilhar recorda\u00e7\u00f5es ou at\u00e9 reorganizar as celebra\u00e7\u00f5es para que se ajustem \u00e0 nova realidade. O objetivo \u00e9 manter o esp\u00edrito do Natal, mas de uma maneira que respeite a dor da perda.<\/span><\/li>\n<li><span style=\"font-family: futura;\"><strong>Falar sobre o luto<\/strong>: Manter a mem\u00f3ria viva \u00e9 essencial para muitas pessoas que est\u00e3o a viver o luto. Falar sobre a pessoa que partiu, partilhar recorda\u00e7\u00f5es e at\u00e9 mesmo falar sobre o que a perda significou pode ser importante. A comunica\u00e7\u00e3o aberta sobre o luto pode diminuir o isolamento emocional e promover a cura.<\/span><\/li>\n<li><span style=\"font-family: futura;\"><strong>Estabelecer limites<\/strong>: N\u00e3o h\u00e1 obriga\u00e7\u00e3o de participar em todas as celebra\u00e7\u00f5es ou de estar constantemente rodeado de outras pessoas. Estabelecer limites para proteger o pr\u00f3prio bem-estar \u00e9 essencial. Algumas pessoas podem preferir passar o Natal de forma mais calma e introspectiva, sem a press\u00e3o de manter as tradi\u00e7\u00f5es familiares. O importante \u00e9 fazer o que sente certo para si, respeitando o processo de luto.<\/span><\/li>\n<li><span style=\"font-family: futura;\"><strong>Equilibre as suas expectativas: <\/strong>O Natal, com todas as suas festas e tradi\u00e7\u00f5es, carrega consigo grandes expectativas. Espera-se que todos sejam felizes e se divirtam. No entanto, se est\u00e1 em luto, \u00e9 importante ajustar as suas expectativas. N\u00e3o se force a estar num estado de esp\u00edrito festivo se n\u00e3o se sentir pronto para isso. Pode ser \u00fatil definir pequenas metas para o dia, sem sobrecarregar-se com a necessidade de viver o Natal de forma \u201cperfeita\u201d.<\/span><\/li>\n<li><span style=\"font-family: futura;\"><strong>Procure apoio emocional<\/strong>: O Natal pode ser uma \u00e9poca em que a solid\u00e3o se torna mais evidente. Procure apoio de amigos, familiares ou at\u00e9 mesmo de um profissional especializado que o pode ajudar a aliviar o peso emocional nesta fase. A terapia pode ser uma ferramenta eficaz para lidar com a dor e entender as emo\u00e7\u00f5es envolvidas no luto.<\/span><\/li>\n<\/ol>\n<p><span style=\"font-family: futura;\">A aus\u00eancia n\u00e3o apaga o amor que sentimos, mesmo em tempos de tristeza, podemos encontrar pequenos momentos de paz. Ao ajustar as expectativas, cuidar de n\u00f3s mesmos e criar novas formas de celebrar, \u00e9 poss\u00edvel, gradualmente, devolver algum brilho ao Natal \u2014 um brilho diferente, mais suave, mas igualmente significativo. Permita-se viver este Natal respeitando o seu processo e honrando a mem\u00f3ria de quem partiu, sem press\u00f5es e sem pressa. O Natal n\u00e3o precisa de ser perfeito, ele s\u00f3 precisa de ser real e vivido com o cora\u00e7\u00e3o aberto para a esperan\u00e7a que, aos poucos, se renova.<\/span><\/p>\n<p style=\"text-align: right;\"><span style=\"font-family: futura;\">Cuida de si com amor<\/span><\/p>\n<p style=\"text-align: right;\"><span style=\"font-family: futura;\">Catarina Meireles<\/span><\/p>\n","protected":false},"excerpt":{"rendered":"<p>Quando o Natal perde o brilho: Como lidar com o luto? O Natal \u00e9 tradicionalmente uma \u00e9poca de celebra\u00e7\u00e3o e [&hellip;]<\/p>\n","protected":false},"author":3,"featured_media":1344,"comment_status":"open","ping_status":"open","sticky":false,"template":"","format":"image","meta":{"footnotes":""},"categories":[55,58,108],"tags":[109],"class_list":["post-1339","post","type-post","status-publish","format-image","has-post-thumbnail","hentry","category-autocuidado","category-consulta-de-psicologia","category-luto","tag-luto","post_format-post-format-image"],"_links":{"self":[{"href":"https:\/\/menteconsciente.pt\/blog\/wp-json\/wp\/v2\/posts\/1339","targetHints":{"allow":["GET"]}}],"collection":[{"href":"https:\/\/menteconsciente.pt\/blog\/wp-json\/wp\/v2\/posts"}],"about":[{"href":"https:\/\/menteconsciente.pt\/blog\/wp-json\/wp\/v2\/types\/post"}],"author":[{"embeddable":true,"href":"https:\/\/menteconsciente.pt\/blog\/wp-json\/wp\/v2\/users\/3"}],"replies":[{"embeddable":true,"href":"https:\/\/menteconsciente.pt\/blog\/wp-json\/wp\/v2\/comments?post=1339"}],"version-history":[{"count":7,"href":"https:\/\/menteconsciente.pt\/blog\/wp-json\/wp\/v2\/posts\/1339\/revisions"}],"predecessor-version":[{"id":1351,"href":"https:\/\/menteconsciente.pt\/blog\/wp-json\/wp\/v2\/posts\/1339\/revisions\/1351"}],"wp:featuredmedia":[{"embeddable":true,"href":"https:\/\/menteconsciente.pt\/blog\/wp-json\/wp\/v2\/media\/1344"}],"wp:attachment":[{"href":"https:\/\/menteconsciente.pt\/blog\/wp-json\/wp\/v2\/media?parent=1339"}],"wp:term":[{"taxonomy":"category","embeddable":true,"href":"https:\/\/menteconsciente.pt\/blog\/wp-json\/wp\/v2\/categories?post=1339"},{"taxonomy":"post_tag","embeddable":true,"href":"https:\/\/menteconsciente.pt\/blog\/wp-json\/wp\/v2\/tags?post=1339"}],"curies":[{"name":"wp","href":"https:\/\/api.w.org\/{rel}","templated":true}]}}