{"id":1404,"date":"2025-02-18T00:00:09","date_gmt":"2025-02-18T00:00:09","guid":{"rendered":"https:\/\/menteconsciente.pt\/blog\/?p=1404"},"modified":"2025-02-18T17:04:54","modified_gmt":"2025-02-18T17:04:54","slug":"receita-vegetariana-pataniscas-de-cenoura-e-feijao-frade","status":"publish","type":"post","link":"https:\/\/menteconsciente.pt\/blog\/2025\/02\/18\/receita-vegetariana-pataniscas-de-cenoura-e-feijao-frade\/","title":{"rendered":"Receita Vegetariana &#8211; Pataniscas de Cenoura e Feij\u00e3o Frade"},"content":{"rendered":"<p>&nbsp;<\/p>\n<p><span style=\"font-weight: 400; font-family: futura;\">A ideia \u00e9 que experimente algo novo seguindo a receita ou que aproveite as sobras a\u00ed de casa para fazer umas pataniscas de sobras.<\/span><\/p>\n<h6><strong><span style=\"font-family: futura;\">Ingredientes<\/span><\/strong><\/h6>\n<ul>\n<li style=\"font-weight: 400;\" aria-level=\"1\"><span style=\"font-weight: 400; font-family: futura;\">2 cenouras com casca (cerca de 100g)<\/span><\/li>\n<li style=\"font-weight: 400;\" aria-level=\"1\"><span style=\"font-weight: 400; font-family: futura;\">100g de feij\u00e3o frade cozido<\/span><\/li>\n<li style=\"font-weight: 400;\" aria-level=\"1\"><span style=\"font-weight: 400; font-family: futura;\">240g de farinha de trigo (usei metade com fermento e metade sem)<\/span><\/li>\n<li style=\"font-weight: 400;\" aria-level=\"1\"><span style=\"font-weight: 400; font-family: futura;\">2 ovos\u00a0<\/span><\/li>\n<li style=\"font-weight: 400;\" aria-level=\"1\"><span style=\"font-weight: 400; font-family: futura;\">Temperos a gosto: sal, salsa, alho em p\u00f3\u2026 <\/span><\/li>\n<\/ul>\n<h6><span style=\"font-family: futura;\">Prepara\u00e7\u00e3o<\/span><\/h6>\n<ol>\n<li style=\"font-weight: 400;\" aria-level=\"1\"><span style=\"font-weight: 400; font-family: futura;\">Se fizeres a receita no forno pr\u00e9 aquecer o forno a 150\u00baC. Se optares por fazer na frigideira podes avan\u00e7ar este passo.\u00a0<\/span><\/li>\n<li style=\"font-weight: 400;\" aria-level=\"1\"><span style=\"font-weight: 400; font-family: futura;\">Ralar a cenoura e juntar o feij\u00e3o frade lavado (pode ser cortado em bocadinhos mais curtos se necess\u00e1rio). Reservar.<\/span><\/li>\n<li style=\"font-weight: 400;\" aria-level=\"1\"><span style=\"font-weight: 400; font-family: futura;\">Num recipiente \u00e0 parte, colocar a farinha, os ovos e ir misturando, colocando \u00e1gua aos poucos at\u00e9 obter uma consist\u00eancia uniforme. Temperar a gosto.<\/span><\/li>\n<li style=\"font-weight: 400;\" aria-level=\"1\"><span style=\"font-weight: 400; font-family: futura;\">Juntar a cenoura e feij\u00e3o frade \u00e0 mistura anterior, envolvendo bem e temperando a gosto.<\/span><\/li>\n<li style=\"font-weight: 400;\" aria-level=\"1\"><span style=\"font-weight: 400; font-family: futura;\">Cozinhar no forno, num tabuleiro forrado com papel vegetal, ou numa frigideira anti aderente, colocando azeite \u00e0 medida que se vai cozinhando. Servir a gosto.<\/span><\/li>\n<\/ol>\n<p>&nbsp;<\/p>\n","protected":false},"excerpt":{"rendered":"<p>&nbsp; A ideia \u00e9 que experimente algo novo seguindo a receita ou que aproveite as sobras a\u00ed de casa para [&hellip;]<\/p>\n","protected":false},"author":5,"featured_media":1408,"comment_status":"open","ping_status":"open","sticky":false,"template":"","format":"image","meta":{"footnotes":""},"categories":[85,115],"tags":[116],"class_list":["post-1404","post","type-post","status-publish","format-image","has-post-thumbnail","hentry","category-nutricao","category-receita-vegetariana","tag-receita-vegetariana","post_format-post-format-image"],"_links":{"self":[{"href":"https:\/\/menteconsciente.pt\/blog\/wp-json\/wp\/v2\/posts\/1404","targetHints":{"allow":["GET"]}}],"collection":[{"href":"https:\/\/menteconsciente.pt\/blog\/wp-json\/wp\/v2\/posts"}],"about":[{"href":"https:\/\/menteconsciente.pt\/blog\/wp-json\/wp\/v2\/types\/post"}],"author":[{"embeddable":true,"href":"https:\/\/menteconsciente.pt\/blog\/wp-json\/wp\/v2\/users\/5"}],"replies":[{"embeddable":true,"href":"https:\/\/menteconsciente.pt\/blog\/wp-json\/wp\/v2\/comments?post=1404"}],"version-history":[{"count":4,"href":"https:\/\/menteconsciente.pt\/blog\/wp-json\/wp\/v2\/posts\/1404\/revisions"}],"predecessor-version":[{"id":1409,"href":"https:\/\/menteconsciente.pt\/blog\/wp-json\/wp\/v2\/posts\/1404\/revisions\/1409"}],"wp:featuredmedia":[{"embeddable":true,"href":"https:\/\/menteconsciente.pt\/blog\/wp-json\/wp\/v2\/media\/1408"}],"wp:attachment":[{"href":"https:\/\/menteconsciente.pt\/blog\/wp-json\/wp\/v2\/media?parent=1404"}],"wp:term":[{"taxonomy":"category","embeddable":true,"href":"https:\/\/menteconsciente.pt\/blog\/wp-json\/wp\/v2\/categories?post=1404"},{"taxonomy":"post_tag","embeddable":true,"href":"https:\/\/menteconsciente.pt\/blog\/wp-json\/wp\/v2\/tags?post=1404"}],"curies":[{"name":"wp","href":"https:\/\/api.w.org\/{rel}","templated":true}]}}