{"id":662,"date":"2022-06-01T10:50:19","date_gmt":"2022-06-01T10:50:19","guid":{"rendered":"https:\/\/issoepsicologico.pt\/blog\/?p=662"},"modified":"2022-06-01T10:35:05","modified_gmt":"2022-06-01T10:35:05","slug":"depressao","status":"publish","type":"post","link":"https:\/\/menteconsciente.pt\/blog\/2022\/06\/01\/depressao\/","title":{"rendered":"Depress\u00e3o &#8211; tudo o que precisa de saber"},"content":{"rendered":"<p><span style=\"font-family: futura;\">Depress\u00e3o. Sinto que este tema est\u00e1 bastante banalizado, o que considero perigoso. Facilmente se atribu\u00ed significados \u00e0 depress\u00e3o que a estigmatizam e que na maioria das vezes inibem as pessoas de se expressarem e pedirem ajuda.<\/span><\/p>\n<p><span style=\"font-family: futura;\">Temos algum receio do que n\u00e3o conseguimos ver, do que n\u00e3o \u00e9 palp\u00e1vel. A doen\u00e7a mental\/problemas emocionais padecem dessas cren\u00e7as. <strong>Durante muitos e muitos anos, a doen\u00e7a mental era \u201cjustificada\u201d por poderes do al\u00e9m e por for\u00e7as malignas.<\/strong> Sei que ainda hoje, muitas s\u00e3o as cren\u00e7as relacionadas com as teorias paranormais que f<b>azem com que as pessoas procurem ajuda em todo o tipo de servi\u00e7o exceto a ajuda profissional e especializada como psiquiatras e\/ou psic\u00f3logos.<\/b><\/span><\/p>\n<p><span style=\"font-family: futura;\">Na atualidade, felizmente, temos muita informa\u00e7\u00e3o e investiga\u00e7\u00e3o que nos permite perceber e contextualizar a Perturba\u00e7\u00e3o Depressiva e por sua vez tratamentos adequados, que mudam a vida das pessoas. <strong>A Depress\u00e3o \u00e9 uma perturba\u00e7\u00e3o de humor, caracterizada pela angustia, tristeza profunda, pensamentos negativos recorrentes, perda de interesse pela vida assim como mau estar f\u00edsico generalizado.<\/strong><\/span><\/p>\n<p><span style=\"font-family: futura;\">Todos em algum momentos j\u00e1 experienciamos estes sintomas, por exemplo quando perdemos algu\u00e9m significativo na nossa vida, estes sintomas surgem como uma rea\u00e7\u00e3o normal face ao acontecimento. No caso da <strong>Depress\u00e3o<\/strong> pode ocorrer\/desenvolver sem causa aparente e distingue-se pela sua <strong>persist\u00eancia no tempo<\/strong> e <strong>intensidade dos sintomas<\/strong>. Nestes casos, a ajuda especializada \u00e9 crucial.<\/span><\/p>\n<p><span style=\"color: #839793; font-family: futura;\">Segundo a <em>Organiza\u00e7\u00e3o Mundial de Sa\u00fade<\/em> (OMS) a Depress\u00e3o \u00e9 a doen\u00e7a com maior incid\u00eancia no mundo, sendo considerada como a principal causa de incapacidade das pessoas assim como a segunda principal causa de morte (por suic\u00eddio). Penso que \u00e9 informa\u00e7\u00e3o mais que suficiente, para tomarmos consci\u00eancia sobre a import\u00e2ncia da preven\u00e7\u00e3o da sa\u00fade mental.<\/span><\/p>\n<p><strong>C<span style=\"font-family: futura;\">omo j\u00e1 referi, felizmente e dada a imensa investiga\u00e7\u00e3o feita sobre a Perturba\u00e7\u00e3o Depressiva, existem tratamentos eficazes, infelizmente continuam a n\u00e3o estar dispon\u00edveis para todos. Como se a doen\u00e7a mental\/problemas emocionais, fosse algo elitista\/s\u00f3 para alguns, sabem? Na minha opini\u00e3o, os grandes obst\u00e1culos para o tratamento da doen\u00e7a depressiva, s\u00e3o os fracos recursos humanos (aus\u00eancia de psic\u00f3logos) no sistema de sa\u00fade p\u00fablico que proporciona diagn\u00f3sticos tardios, desadequados e tratamentos desnecess\u00e1rios para a doen\u00e7a. Assim como, as cren\u00e7as que culturalmente adquirimos relacionada com a sa\u00fade mental, que inibe frequentemente as pessoas de procurem ajuda atempadamente.<\/span><\/strong><\/p>\n<h3><span style=\"font-family: futura;\">Quais os sintomas da Perturba\u00e7\u00e3o Depressiva?<\/span><\/h3>\n<p>&nbsp;<\/p>\n<ul>\n<li>\n<pre><span style=\"font-family: futura;\">Altera\u00e7\u00e3o do sono<\/span><\/pre>\n<\/li>\n<li>\n<pre><span style=\"font-family: futura;\">Diminui\u00e7\u00e3o da energia<\/span><\/pre>\n<\/li>\n<li>\n<pre><span style=\"font-family: futura;\">Choro f\u00e1cil<\/span><\/pre>\n<\/li>\n<li>\n<pre><span style=\"font-family: futura;\">Irritabilidade<\/span><\/pre>\n<\/li>\n<li>\n<pre><span style=\"font-family: futura;\">Sentimentos de culpa\/inutilidade<\/span><\/pre>\n<\/li>\n<li>\n<pre><span style=\"font-family: futura;\">Dificuldades de concentra\u00e7\u00e3o<\/span><\/pre>\n<\/li>\n<li>\n<pre><span style=\"font-family: futura;\">Pensamentos suicidas<\/span><\/pre>\n<\/li>\n<li>\n<pre><span style=\"font-family: futura;\">Agita\u00e7\u00e3o\/retardo motor<\/span><\/pre>\n<\/li>\n<li>\n<pre><span style=\"font-family: futura;\">Ganha\/perda acentuada de peso<\/span><\/pre>\n<\/li>\n<li>\n<pre><span style=\"font-family: futura;\">Humor deprimido<\/span><\/pre>\n<\/li>\n<li>\n<pre><span style=\"font-family: futura;\">Perda de interesse\/prazer<\/span><\/pre>\n<\/li>\n<\/ul>\n<p><span style=\"font-family: futura;\"><strong>Os sintomas persistem durante parte do dia e quase todos os dias, por um per\u00edodo de pelo menos seis meses.<\/strong> A Perturba\u00e7\u00e3o Depressiva, requer uma avalia\u00e7\u00e3o psicol\u00f3gica (feita por profissionais especializados) para um tratamento adequado \u00e1s necessidades da pessoa.<\/span><\/p>\n<p><span style=\"font-family: futura;\">A depress\u00e3o combinada um conjunto de fatores sociais, psicol\u00f3gicos e biol\u00f3gicos. Poder\u00e1 surgir da viv\u00eancia de experi\u00eancias adversas (por exemplo, luto\/trauma) ou doen\u00e7as f\u00edsicas, por exemplo doen\u00e7as cardiovascular podem propiciar um transtorno depressivo ou vice versa.<\/span><\/p>\n<h3><span style=\"font-family: futura;\">Qual o melhor tratamento para a Depress\u00e3o?<\/span><\/h3>\n<p><span style=\"font-family: futura;\">Existem tratamento eficazes para a Perturba\u00e7\u00e3o Depressiva,\u00a0 como o tratamento psicol\u00f3gico e\/ou tratamento farmacol\u00f3gico. O tratamento psicol\u00f3gico poder\u00e1 ser feito atrav\u00e9s da <strong>Terapia Cognitivo Comportamental (TCC)<\/strong>, terapia com maior relev\u00e2ncia ao n\u00edvel da efic\u00e1cia no tratamento da Depress\u00e3o e tamb\u00e9m a mais investigada ao longo do tempo.<\/span><\/p>\n<p><span style=\"font-family: futura;\">O tratamento farmacol\u00f3gico (o mais usado em Portugal) atrav\u00e9s de antidepressivos que atuam como inibidores seletivos. Devem ser usados tendo em considera\u00e7\u00e3o os efeitos secund\u00e1rios (altera\u00e7\u00e3o do pensamento\/capacidade de racioc\u00ednio reduzida). A medica\u00e7\u00e3o atua exclusivamente nos sintomas Depressivos, o\u00a0 tratamento psicol\u00f3gico atua na causa da Depress\u00e3o. <strong>Em caso de necessidade do tratamento medicamentoso \u00e9 aconselhado o tratamento psicol\u00f3gico em simult\u00e2neo \u2013 para resultados mais eficazes e diminui\u00e7\u00e3o dos efeitos secund\u00e1rios.<\/strong><\/span><\/p>\n<p>&nbsp;<\/p>\n<p style=\"text-align: center;\"><span style=\"font-family: futura;\"><strong>Para quebrar estigmas o conhecimento \u00e9 o nosso melhor aliado.<\/strong><\/span><\/p>\n<p style=\"text-align: center;\"><span style=\"color: #839793; font-family: futura;\">Se est\u00e1 a atravessar um momento em que se sente deprimido, n\u00e3o hesite, procure ajuda!<\/span><\/p>\n<p style=\"text-align: center;\"><span style=\"color: #839793; font-family: futura;\">Apesar da escurid\u00e3o &#8211; acredite que existe solu\u00e7\u00e3o para si.<\/span><\/p>\n<p style=\"text-align: center;\"><span style=\"color: #839793; font-family: futura;\">Se conhece algu\u00e9m que est\u00e1 com sintomas depressivos, procura ser emp\u00e1tico, <\/span><\/p>\n<p style=\"text-align: center;\"><span style=\"color: #839793; font-family: futura;\">facilite a procura de ajuda especializada e por favor n\u00e3o lhe diga que \u00e9 fraca, porque \u00e9 preciso ser muito forte para sentir.<\/span><\/p>\n<hr \/>\n<h5 style=\"text-align: center;\"><span style=\"font-family: futura; font-size: 12pt;\">Conte com a nossa ajuda <\/span><\/h5>\n<h4 style=\"text-align: center;\"><strong><span style=\"font-family: futura; font-size: 12pt;\"><a href=\"https:\/\/menteconsciente.pt\/marcacao-de-consulta-de-psicologia\/\">Marque a sua consulta<\/a><\/span><\/strong><\/h4>\n<p>&nbsp;<\/p>\n<p style=\"text-align: right;\"><span style=\"color: #f2c46d; font-family: futura;\">Cuida de si com amor<\/span><\/p>\n<p style=\"text-align: right;\"><span style=\"font-family: futura;\"><a href=\"https:\/\/www.instagram.com\/catarinameirelespsi\/\" target=\"_blank\" rel=\"noopener\"><span style=\"color: #f2c46d;\">Catarina Meireles<\/span><\/a><\/span><\/p>\n","protected":false},"excerpt":{"rendered":"<p>Depress\u00e3o. Sinto que este tema est\u00e1 bastante banalizado, o que considero perigoso. Facilmente se atribu\u00ed significados \u00e0 depress\u00e3o que a [&hellip;]<\/p>\n","protected":false},"author":3,"featured_media":871,"comment_status":"open","ping_status":"open","sticky":false,"template":"","format":"image","meta":{"footnotes":""},"categories":[41],"tags":[42,19,43],"class_list":["post-662","post","type-post","status-publish","format-image","has-post-thumbnail","hentry","category-depressao","tag-depressao","tag-psicologia","tag-saudemental","post_format-post-format-image"],"_links":{"self":[{"href":"https:\/\/menteconsciente.pt\/blog\/wp-json\/wp\/v2\/posts\/662","targetHints":{"allow":["GET"]}}],"collection":[{"href":"https:\/\/menteconsciente.pt\/blog\/wp-json\/wp\/v2\/posts"}],"about":[{"href":"https:\/\/menteconsciente.pt\/blog\/wp-json\/wp\/v2\/types\/post"}],"author":[{"embeddable":true,"href":"https:\/\/menteconsciente.pt\/blog\/wp-json\/wp\/v2\/users\/3"}],"replies":[{"embeddable":true,"href":"https:\/\/menteconsciente.pt\/blog\/wp-json\/wp\/v2\/comments?post=662"}],"version-history":[{"count":9,"href":"https:\/\/menteconsciente.pt\/blog\/wp-json\/wp\/v2\/posts\/662\/revisions"}],"predecessor-version":[{"id":669,"href":"https:\/\/menteconsciente.pt\/blog\/wp-json\/wp\/v2\/posts\/662\/revisions\/669"}],"wp:featuredmedia":[{"embeddable":true,"href":"https:\/\/menteconsciente.pt\/blog\/wp-json\/wp\/v2\/media\/871"}],"wp:attachment":[{"href":"https:\/\/menteconsciente.pt\/blog\/wp-json\/wp\/v2\/media?parent=662"}],"wp:term":[{"taxonomy":"category","embeddable":true,"href":"https:\/\/menteconsciente.pt\/blog\/wp-json\/wp\/v2\/categories?post=662"},{"taxonomy":"post_tag","embeddable":true,"href":"https:\/\/menteconsciente.pt\/blog\/wp-json\/wp\/v2\/tags?post=662"}],"curies":[{"name":"wp","href":"https:\/\/api.w.org\/{rel}","templated":true}]}}