{"id":952,"date":"2022-07-25T15:49:32","date_gmt":"2022-07-25T15:49:32","guid":{"rendered":"https:\/\/menteconsciente.pt\/blog\/?p=952"},"modified":"2022-07-26T13:41:51","modified_gmt":"2022-07-26T13:41:51","slug":"dependencia-emocional-2","status":"publish","type":"post","link":"https:\/\/menteconsciente.pt\/blog\/2022\/07\/25\/dependencia-emocional-2\/","title":{"rendered":"Depend\u00eancia Emocional"},"content":{"rendered":"<h5><span style=\"font-family: futura;\">A depend\u00eancia emocional pode provocar um enorme desgaste no bem estar<\/span><span style=\"font-family: futura;\"> f\u00edsico e emocional.<\/span><\/h5>\n<h6><span style=\"font-family: futura;\">Somos os seres mais sociais do planeta e por sua vez os mais dependentes. Quando nascemos dependemos dos nossos progenitores para que cuidem de n\u00f3s (um rela\u00e7\u00e3o totalmente dependente de um lado o que cuida e do outro o que recebe.) Ao longo do nosso desenvolvimento continuamos a depender uns dos outros ao n\u00edvel emocional, contudo o ajustado \u00e9 evoluirmos para a interdepend\u00eancia emocional &#8211; apoio emocional m\u00fatuo.<\/span><\/h6>\n<h5 style=\"text-align: left;\"><span style=\"font-family: futura;\"><strong><span style=\"color: #657552;\">Onde est\u00e1 o limite que distingue a interdepend\u00eancia e depend\u00eancia emocional?<\/span><\/strong><\/span><\/h5>\n<p style=\"text-align: left;\"><span style=\"font-family: futura;\">A depend\u00eancia emocional traduz numa disfun\u00e7\u00e3o emocional, orientada por uma baixa autoestima onde a pessoa procura seguran\u00e7a e confian\u00e7a no outro, sem valorizar os seus crit\u00e9rios, valores e recursos internos. Algu\u00e9m que \u00e9 dependente emocionalmente anula a sua opini\u00e3o, tenta agradar com o objetivo de manter o v\u00ednculo do relacionamento a qualquer curso, de forma a evitar algo que perturba desmesuradamente &#8211; a rejei\u00e7\u00e3o e solid\u00e3o.<\/span><\/p>\n<h6><span style=\"font-family: futura;\">A depend\u00eancia emocional nas rela\u00e7\u00f5es amorosas est\u00e1 longe de ser uma forma de apoio m\u00fatua, mas sim \u00e9 um obst\u00e1culo para o desenvolvimento da rela\u00e7\u00e3o e para a sa\u00fade mental do casal.<\/span><\/h6>\n<p>&nbsp;<\/p>\n<p><img loading=\"lazy\" decoding=\"async\" class=\"wp-image-954 aligncenter\" src=\"https:\/\/menteconsciente.pt\/blog\/wp-content\/uploads\/2022\/07\/Different-emotions-and-mood-change-of-woman-300x231.jpg\" alt=\"depend\u00eancia emocional\" width=\"344\" height=\"265\" srcset=\"https:\/\/menteconsciente.pt\/blog\/wp-content\/uploads\/2022\/07\/Different-emotions-and-mood-change-of-woman-300x231.jpg 300w, https:\/\/menteconsciente.pt\/blog\/wp-content\/uploads\/2022\/07\/Different-emotions-and-mood-change-of-woman-1024x788.jpg 1024w, https:\/\/menteconsciente.pt\/blog\/wp-content\/uploads\/2022\/07\/Different-emotions-and-mood-change-of-woman-768x591.jpg 768w, https:\/\/menteconsciente.pt\/blog\/wp-content\/uploads\/2022\/07\/Different-emotions-and-mood-change-of-woman-1536x1182.jpg 1536w, https:\/\/menteconsciente.pt\/blog\/wp-content\/uploads\/2022\/07\/Different-emotions-and-mood-change-of-woman-16x12.jpg 16w, https:\/\/menteconsciente.pt\/blog\/wp-content\/uploads\/2022\/07\/Different-emotions-and-mood-change-of-woman-203x156.jpg 203w, https:\/\/menteconsciente.pt\/blog\/wp-content\/uploads\/2022\/07\/Different-emotions-and-mood-change-of-woman-309x238.jpg 309w, https:\/\/menteconsciente.pt\/blog\/wp-content\/uploads\/2022\/07\/Different-emotions-and-mood-change-of-woman-425x327.jpg 425w, https:\/\/menteconsciente.pt\/blog\/wp-content\/uploads\/2022\/07\/Different-emotions-and-mood-change-of-woman-346x266.jpg 346w, https:\/\/menteconsciente.pt\/blog\/wp-content\/uploads\/2022\/07\/Different-emotions-and-mood-change-of-woman-520x400.jpg 520w, https:\/\/menteconsciente.pt\/blog\/wp-content\/uploads\/2022\/07\/Different-emotions-and-mood-change-of-woman-403x310.jpg 403w, https:\/\/menteconsciente.pt\/blog\/wp-content\/uploads\/2022\/07\/Different-emotions-and-mood-change-of-woman-259x199.jpg 259w, https:\/\/menteconsciente.pt\/blog\/wp-content\/uploads\/2022\/07\/Different-emotions-and-mood-change-of-woman-267x205.jpg 267w, https:\/\/menteconsciente.pt\/blog\/wp-content\/uploads\/2022\/07\/Different-emotions-and-mood-change-of-woman-195x149.jpg 195w, https:\/\/menteconsciente.pt\/blog\/wp-content\/uploads\/2022\/07\/Different-emotions-and-mood-change-of-woman-343x264.jpg 343w\" sizes=\"auto, (max-width: 344px) 100vw, 344px\" \/><\/p>\n<p>&nbsp;<\/p>\n<p><span style=\"color: #657552; font-family: futura;\">Alguns exemplos de sinais que podem indicar o desenvolvimento da depend\u00eancia emocional.<\/span><\/p>\n<pre><span style=\"font-family: futura; white-space: pre-wrap;\">\"Sinto-me triste e ansiosa no meu relacionamento, mas sou incapaz de o terminar\".<\/span>\r\n\r\n<span style=\"font-family: futura; white-space: pre-wrap;\">\"S\u00f3 avan\u00e7o se sentir a aprova\u00e7\u00e3o e valida\u00e7\u00e3o dele\/a\".<\/span>\r\n\r\n<span style=\"font-family: futura; white-space: pre-wrap;\">\"Tenho receio da rejei\u00e7\u00e3o, concordo sempre com a opini\u00e3o dele\/a\".<\/span>\r\n\r\n<span style=\"font-family: futura; white-space: pre-wrap;\">\"Tenho medo de ficar sozinha\".<\/span>\r\n\r\n<span style=\"font-family: futura; white-space: pre-wrap;\">\"Tenho ci\u00fames constantes\".<\/span>\r\n\r\n<span style=\"font-family: futura; white-space: pre-wrap;\">\"S\u00f3 me sinto segura\/o se estiver com ele\/a\".<\/span>\r\n\r\n<span style=\"font-family: futura; white-space: pre-wrap;\">\"Se terminar este relacionamento, o que \u00e9 feito de mim no futuro.\"<\/span>\r\n\r\n<span style=\"font-family: futura; white-space: pre-wrap;\">\"Prefiro manter este relacionamento, do que ficar sozinha\".<\/span>\r\n\r\n<span style=\"font-family: futura; white-space: pre-wrap;\">\"S\u00f3 serei feliz se estiver com ele\/a\".<\/span>\r\n\r\n<span style=\"font-family: futura; white-space: pre-wrap;\">\"Eu acredito que ele\/a vai mudar, e serei finalmente feliz.\"<\/span>\r\n\r\n<span style=\"font-family: futura; white-space: pre-wrap;\">\"Prefiro assumir as culpas para n\u00e3o discutir.\"<\/span>\r\n\r\n<span style=\"font-family: futura; white-space: pre-wrap;\">\"Neste momento a minha prioridade \u00e9 ajudar a que construa os seus objetivos\/sonhos, os meus depois vejo.\"<\/span><\/pre>\n<p><span style=\"font-family: futura;\">A depend\u00eancia emocional pode provocar um enorme desgaste no bem estar f\u00edsico e emocional. <strong><span style=\"color: #657552;\">Se considera que \u00e9 dependente emocionalmente na sua rela\u00e7\u00e3o amorosa, se est\u00e1 cansada\/o de viver nesta ang\u00fastia\/sofrimento, talvez seja o momento de mudar a sua condi\u00e7\u00e3o.<\/span><\/strong><\/span><\/p>\n<p><span style=\"font-family: futura;\">\u00c0 semelhan\u00e7a de outros tipos de depend\u00eancias, tamb\u00e9m esta necessita de um tratamento adequado e ajustado \u00e0 necessidade. <strong><span style=\"color: #657552;\">O processo de desenvolvimento de recursos internos, mudan\u00e7a de mindset e desconstru\u00e7\u00e3o de cren\u00e7as \u00e9 desafiante, sendo a ajuda profissional de um\/a psicol\u00f3go\/a crucial. <\/span><\/strong>A partilha da sua situa\u00e7\u00e3o vai desenvolver aspetos, que considero fundamentais, como o<strong> AUTOCONHECIMENTO<\/strong>, <a href=\"https:\/\/menteconsciente.pt\/blog\/2022\/03\/29\/4dicasparaaumentarautoestima\/\"><strong>AUTOESTIMA<\/strong><\/a> e <strong>REGULA\u00c7\u00c3O EMOCIONAL<\/strong>. Com o desenvolvimento destes tr\u00eas conceitos vai conseguir a autonomia que necessita.<\/span><\/p>\n<h6><span style=\"color: #657552; font-family: futura;\">Espero que este texto tenha proporcionado a tomada de consci\u00eancia desta situa\u00e7\u00e3o para algu\u00e9m que efetivamente vive infeliz por se encontrar em situa\u00e7\u00e3o de depend\u00eancia emocional. <strong>Reconhe\u00e7a o seu valor, cria os seus objetivos e metas, dedique-se a si por si.<\/strong><\/span><\/h6>\n<h6 style=\"text-align: center;\"><span style=\"font-family: futura;\"><em><span style=\"color: #f2c46d;\">Lembrete<\/span><\/em><\/span><\/h6>\n<h6 style=\"text-align: center;\"><span style=\"font-family: futura;\">A car\u00eancia cria afetos imagin\u00e1rios.<\/span><\/h6>\n<p>&nbsp;<\/p>\n<p style=\"text-align: right;\"><span style=\"font-family: futura;\">Cuide de si com amor<\/span><\/p>\n<p style=\"text-align: right;\"><a href=\"https:\/\/pt.linkedin.com\/in\/catarina-meireles-27b5a7147\" target=\"_blank\" rel=\"noopener\"><span style=\"font-family: futura;\">Catarina Meireles<\/span><\/a><\/p>\n","protected":false},"excerpt":{"rendered":"<p>A depend\u00eancia emocional pode provocar um enorme desgaste no bem estar f\u00edsico e emocional. Somos os seres mais sociais do [&hellip;]<\/p>\n","protected":false},"author":3,"featured_media":953,"comment_status":"open","ping_status":"open","sticky":false,"template":"","format":"image","meta":{"footnotes":""},"categories":[58,18],"tags":[35,34],"class_list":["post-952","post","type-post","status-publish","format-image","has-post-thumbnail","hentry","category-consulta-de-psicologia","category-desenvolvimento-pessoal","tag-dependencia-emocional","tag-relacoes-amorosas","post_format-post-format-image"],"_links":{"self":[{"href":"https:\/\/menteconsciente.pt\/blog\/wp-json\/wp\/v2\/posts\/952","targetHints":{"allow":["GET"]}}],"collection":[{"href":"https:\/\/menteconsciente.pt\/blog\/wp-json\/wp\/v2\/posts"}],"about":[{"href":"https:\/\/menteconsciente.pt\/blog\/wp-json\/wp\/v2\/types\/post"}],"author":[{"embeddable":true,"href":"https:\/\/menteconsciente.pt\/blog\/wp-json\/wp\/v2\/users\/3"}],"replies":[{"embeddable":true,"href":"https:\/\/menteconsciente.pt\/blog\/wp-json\/wp\/v2\/comments?post=952"}],"version-history":[{"count":12,"href":"https:\/\/menteconsciente.pt\/blog\/wp-json\/wp\/v2\/posts\/952\/revisions"}],"predecessor-version":[{"id":967,"href":"https:\/\/menteconsciente.pt\/blog\/wp-json\/wp\/v2\/posts\/952\/revisions\/967"}],"wp:featuredmedia":[{"embeddable":true,"href":"https:\/\/menteconsciente.pt\/blog\/wp-json\/wp\/v2\/media\/953"}],"wp:attachment":[{"href":"https:\/\/menteconsciente.pt\/blog\/wp-json\/wp\/v2\/media?parent=952"}],"wp:term":[{"taxonomy":"category","embeddable":true,"href":"https:\/\/menteconsciente.pt\/blog\/wp-json\/wp\/v2\/categories?post=952"},{"taxonomy":"post_tag","embeddable":true,"href":"https:\/\/menteconsciente.pt\/blog\/wp-json\/wp\/v2\/tags?post=952"}],"curies":[{"name":"wp","href":"https:\/\/api.w.org\/{rel}","templated":true}]}}