{"id":983,"date":"2022-09-05T17:22:34","date_gmt":"2022-09-05T17:22:34","guid":{"rendered":"https:\/\/menteconsciente.pt\/blog\/?p=983"},"modified":"2022-09-28T10:43:34","modified_gmt":"2022-09-28T10:43:34","slug":"stress-e-ansiedade","status":"publish","type":"post","link":"https:\/\/menteconsciente.pt\/blog\/2022\/09\/05\/stress-e-ansiedade\/","title":{"rendered":"4 passos para diminuir o STRESS e ANSIEDADE"},"content":{"rendered":"<h3><span style=\"font-family: futura; color: #000000;\">10 segundos conscientes que v\u00e3o diminuir o stress e ansiedade e melhorar a sua qualidade de vida.\u00a0<\/span><\/h3>\n<p><span style=\"color: #000000;\"><span style=\"font-family: futura;\">A consci\u00eancia das nossas emo\u00e7\u00f5es e comportamento possibilita uma maior estabilidade e equil\u00edbrio emocional, contribuindo para uma melhoria da nossa qualidade de vida. <\/span><span style=\"font-family: futura;\">Uma forma que<strong> permite a conex\u00e3o com as nossas emo\u00e7\u00f5es \u00e9 o treino da aten\u00e7\u00e3o plena \u2013 <em>Mindfulness<\/em>.<\/strong><\/span><\/span><\/p>\n<h6><span style=\"font-family: futura; color: #000000;\">O <em>mindfulness<\/em> assenta no princ\u00edpio de uma aten\u00e7\u00e3o profunda na respira\u00e7\u00e3o. \u00c9 atrav\u00e9s desta aten\u00e7\u00e3o que se consegue uma maior capacidade de foco no momento presente. A partir daqui evolui para o foco nos pensamentos, sentimentos e sensa\u00e7\u00f5es associados ao presente, sem julgamentos.<\/span><\/h6>\n<p><span style=\"font-family: futura; color: #000000;\">Com a pratica de <em>mindfulness<\/em>, desenvolve uma maior capacidade de aceita\u00e7\u00e3o e gest\u00e3o das emo\u00e7\u00f5es, assim como uma maior orienta\u00e7\u00e3o para um comportamento mais assertivo e equilibrado. Diminuindo a possibilidade de um registo reativo, desajustado, em g\u00e9nero \u201cpiloto autom\u00e1tico\u201d.<\/span><\/p>\n<h5><span style=\"font-family: futura; color: #000000;\">O\u00a0<em>mindfulness<\/em> \u00e9, ent\u00e3o, um treino mental que ensina as pessoas a lidarem com os seus pensamentos e emo\u00e7\u00f5es. Ajuda uma pessoa a distinguir o pensamento \u00fatil do in\u00fatil que, em determinadas circunst\u00e2ncias, chega a ser prejudicial.<\/span><\/h5>\n<p>&nbsp;<\/p>\n<p><img loading=\"lazy\" decoding=\"async\" class=\"4 passos para diminuir o STRESS e ANSIEDADE wp-image-989 size-medium\" title=\"4 passos para diminuir o STRESS e ANSIEDADE\" src=\"https:\/\/menteconsciente.pt\/blog\/wp-content\/uploads\/2022\/09\/Tiny-man-and-woman-standing-near-scales-with-brain-and-heart-300x200.jpg\" alt=\"4 passos para diminuir o STRESS e ANSIEDADE\" width=\"300\" height=\"200\" srcset=\"https:\/\/menteconsciente.pt\/blog\/wp-content\/uploads\/2022\/09\/Tiny-man-and-woman-standing-near-scales-with-brain-and-heart-300x200.jpg 300w, https:\/\/menteconsciente.pt\/blog\/wp-content\/uploads\/2022\/09\/Tiny-man-and-woman-standing-near-scales-with-brain-and-heart-1024x683.jpg 1024w, https:\/\/menteconsciente.pt\/blog\/wp-content\/uploads\/2022\/09\/Tiny-man-and-woman-standing-near-scales-with-brain-and-heart-768x512.jpg 768w, https:\/\/menteconsciente.pt\/blog\/wp-content\/uploads\/2022\/09\/Tiny-man-and-woman-standing-near-scales-with-brain-and-heart-1536x1024.jpg 1536w, https:\/\/menteconsciente.pt\/blog\/wp-content\/uploads\/2022\/09\/Tiny-man-and-woman-standing-near-scales-with-brain-and-heart-2048x1365.jpg 2048w, https:\/\/menteconsciente.pt\/blog\/wp-content\/uploads\/2022\/09\/Tiny-man-and-woman-standing-near-scales-with-brain-and-heart-18x12.jpg 18w, https:\/\/menteconsciente.pt\/blog\/wp-content\/uploads\/2022\/09\/Tiny-man-and-woman-standing-near-scales-with-brain-and-heart-234x156.jpg 234w, https:\/\/menteconsciente.pt\/blog\/wp-content\/uploads\/2022\/09\/Tiny-man-and-woman-standing-near-scales-with-brain-and-heart-357x238.jpg 357w, https:\/\/menteconsciente.pt\/blog\/wp-content\/uploads\/2022\/09\/Tiny-man-and-woman-standing-near-scales-with-brain-and-heart-491x327.jpg 491w, https:\/\/menteconsciente.pt\/blog\/wp-content\/uploads\/2022\/09\/Tiny-man-and-woman-standing-near-scales-with-brain-and-heart-399x266.jpg 399w, https:\/\/menteconsciente.pt\/blog\/wp-content\/uploads\/2022\/09\/Tiny-man-and-woman-standing-near-scales-with-brain-and-heart-600x400.jpg 600w, https:\/\/menteconsciente.pt\/blog\/wp-content\/uploads\/2022\/09\/Tiny-man-and-woman-standing-near-scales-with-brain-and-heart-455x303.jpg 455w, https:\/\/menteconsciente.pt\/blog\/wp-content\/uploads\/2022\/09\/Tiny-man-and-woman-standing-near-scales-with-brain-and-heart-340x227.jpg 340w, https:\/\/menteconsciente.pt\/blog\/wp-content\/uploads\/2022\/09\/Tiny-man-and-woman-standing-near-scales-with-brain-and-heart-293x195.jpg 293w, https:\/\/menteconsciente.pt\/blog\/wp-content\/uploads\/2022\/09\/Tiny-man-and-woman-standing-near-scales-with-brain-and-heart-267x178.jpg 267w, https:\/\/menteconsciente.pt\/blog\/wp-content\/uploads\/2022\/09\/Tiny-man-and-woman-standing-near-scales-with-brain-and-heart-195x130.jpg 195w, https:\/\/menteconsciente.pt\/blog\/wp-content\/uploads\/2022\/09\/Tiny-man-and-woman-standing-near-scales-with-brain-and-heart-345x230.jpg 345w\" sizes=\"auto, (max-width: 300px) 100vw, 300px\" \/><\/p>\n<p><span style=\"font-family: futura; color: #000000;\"><strong>\u00a0<\/strong><\/span><\/p>\n<h4><\/h4>\n<h4><span style=\"font-family: futura; color: #000000;\">Pr\u00e1tica &#8211; PARAR <\/span><\/h4>\n<h6><span style=\"font-family: futura; color: #000000;\">Uma forma de nos ligarmos \u00e0s nossas emo\u00e7\u00f5es \u00e9 praticar o PARAR. <\/span><\/h6>\n<p><span style=\"font-family: futura; color: #000000;\">A pr\u00e1tica do PARAR pode ser utilizada v\u00e1rias vezes ao longo do dia. <\/span><\/p>\n<p><span style=\"font-family: futura; color: #000000;\"><strong>As evid\u00eancias sugerem que ajuda na regula\u00e7\u00e3o emocional, especialmente quando nos sentimos <a href=\"https:\/\/menteconsciente.pt\/blog\/2022\/06\/01\/depressao\/\">deprimidos<\/a>, <a href=\"https:\/\/menteconsciente.pt\/blog\/2022\/06\/21\/ansiedade\/\">ansiosos<\/a>, ou stressados.<\/strong>\u00a0<\/span><\/p>\n<h5><span style=\"font-family: futura; color: #000000;\">Como se faz?<\/span><\/h5>\n<p><span style=\"font-family: futura; color: #000000;\"><strong>1.\u00ba passo:<\/strong> Pare o que est\u00e1 a fazer.<\/span><\/p>\n<p><span style=\"font-family: futura; color: #000000;\"><strong>2.\u00ba passo:<\/strong> Respire lenta e profundamente com os olhos fechados.<\/span><\/p>\n<p><span style=\"font-family: futura; color: #000000;\"><strong>3.\u00ba passo:<\/strong> Observe a sua experi\u00eancia tal como ela \u00e9 &#8211; incluindo pensamentos, sentimentos, e emo\u00e7\u00f5es. Pode refletir sobre o que est\u00e1 na sua mente e tamb\u00e9m notar que os pensamentos n\u00e3o s\u00e3o factos, e que n\u00e3o s\u00e3o permanentes. Repare nas emo\u00e7\u00f5es presentes e na forma como elas est\u00e3o a ser expressas no corpo. A investiga\u00e7\u00e3o mostra que apenas nomear as suas emo\u00e7\u00f5es pode diminuir o volume do circuito do medo no c\u00e9rebro e ter um efeito calmante. Repare no seu corpo.<\/span><\/p>\n<p><span style=\"color: #000000;\"><span style=\"font-family: futura;\"><strong>4.\u00ba passo<\/strong>: Fa\u00e7a algo que a\/o apoie no momento: fale com um amigo, beba uma ch\u00e1vena de ch\u00e1, fa\u00e7a uma caminhada, abrace um familiar\/amigo. <\/span><span style=\"font-family: futura;\">Trate todo este exerc\u00edcio como uma experi\u00eancia: Fique curiosa\/o, permita-se durante o dia de simplesmente PARAR.<\/span><\/span><\/p>\n<p><span style=\"font-family: futura; color: #000000;\">Convido-a\/o a permitir-se todos os dias PARAR &#8211; n\u00e3o apenas quando se sente stressada\/o ou ansiosa\/o, mas como uma forma de cuidar de si, de autocuidado. Seja para sentir o sol a brilhar no seu rosto, reparar plenamente no sorriso de uma crian\u00e7a, ou sentir a tristeza no seu cora\u00e7\u00e3o. <\/span><\/p>\n<p><span style=\"font-family: futura; color: #000000;\">Uma das melhores formas de conhecer melhor as nossas emo\u00e7\u00f5es e assim cuidar delas \u00e9 estar consciente das suas necessidades, \u00e9 parar e observar os nossos sentimentos com curiosidade, gentileza e bondade.\u00a0<\/span><\/p>\n<h6 style=\"text-align: center;\"><span style=\"font-family: futura; color: #000000;\">Como seria os dias, semanas e meses seguintes se come\u00e7asse a PARAR mais vezes?<\/span><\/h6>\n<p>&nbsp;<\/p>\n<p style=\"text-align: right;\"><span style=\"font-family: futura;\">Cuide de si com amor<\/span><\/p>\n<p style=\"text-align: right;\"><a href=\"https:\/\/www.instagram.com\/catarinameirelespsi\/\" target=\"_blank\" rel=\"noopener\"><span style=\"font-family: futura;\">Catarina Meireles<\/span><\/a><\/p>\n","protected":false},"excerpt":{"rendered":"<p>10 segundos conscientes que v\u00e3o diminuir o stress e ansiedade e melhorar a sua qualidade de vida.\u00a0 A consci\u00eancia das [&hellip;]<\/p>\n","protected":false},"author":3,"featured_media":992,"comment_status":"open","ping_status":"open","sticky":false,"template":"","format":"image","meta":{"footnotes":""},"categories":[55,60,28,65,58],"tags":[24,56,42,71],"class_list":["post-983","post","type-post","status-publish","format-image","has-post-thumbnail","hentry","category-autocuidado","category-amor-proprio","category-ansiedade","category-burnout","category-consulta-de-psicologia","tag-ansiedade","tag-autocuidado","tag-depressao","tag-mindfulness","post_format-post-format-image"],"_links":{"self":[{"href":"https:\/\/menteconsciente.pt\/blog\/wp-json\/wp\/v2\/posts\/983","targetHints":{"allow":["GET"]}}],"collection":[{"href":"https:\/\/menteconsciente.pt\/blog\/wp-json\/wp\/v2\/posts"}],"about":[{"href":"https:\/\/menteconsciente.pt\/blog\/wp-json\/wp\/v2\/types\/post"}],"author":[{"embeddable":true,"href":"https:\/\/menteconsciente.pt\/blog\/wp-json\/wp\/v2\/users\/3"}],"replies":[{"embeddable":true,"href":"https:\/\/menteconsciente.pt\/blog\/wp-json\/wp\/v2\/comments?post=983"}],"version-history":[{"count":9,"href":"https:\/\/menteconsciente.pt\/blog\/wp-json\/wp\/v2\/posts\/983\/revisions"}],"predecessor-version":[{"id":1025,"href":"https:\/\/menteconsciente.pt\/blog\/wp-json\/wp\/v2\/posts\/983\/revisions\/1025"}],"wp:featuredmedia":[{"embeddable":true,"href":"https:\/\/menteconsciente.pt\/blog\/wp-json\/wp\/v2\/media\/992"}],"wp:attachment":[{"href":"https:\/\/menteconsciente.pt\/blog\/wp-json\/wp\/v2\/media?parent=983"}],"wp:term":[{"taxonomy":"category","embeddable":true,"href":"https:\/\/menteconsciente.pt\/blog\/wp-json\/wp\/v2\/categories?post=983"},{"taxonomy":"post_tag","embeddable":true,"href":"https:\/\/menteconsciente.pt\/blog\/wp-json\/wp\/v2\/tags?post=983"}],"curies":[{"name":"wp","href":"https:\/\/api.w.org\/{rel}","templated":true}]}}